{"id":5467,"date":"2022-02-05T17:36:45","date_gmt":"2022-02-05T16:36:45","guid":{"rendered":"https:\/\/agora.xtec.cat\/zeroliver\/?p=5467"},"modified":"2022-02-05T17:37:44","modified_gmt":"2022-02-05T16:37:44","slug":"celebrem-el-dia-de-la-pau-i-la-no-violencia-a-la-zer","status":"publish","type":"post","link":"https:\/\/agora.xtec.cat\/zeroliver\/general\/celebrem-el-dia-de-la-pau-i-la-no-violencia-a-la-zer\/","title":{"rendered":"CELEBREM EL DIA DE LA PAU I LA NO-VIOL\u00c8NCIA A LA ZER"},"content":{"rendered":"<p>El passat dissabte dia 30 de gener era el dia mundial de la No-viol\u00e8ncia i la Pau. Durant la darrera setmana, cada escola ha anat treballant aquest dia tant especial a partir de diverses activitats.<\/p>\n<p>A l&#8217;<strong>Escola Otogesa<\/strong>, els nens i nenes d&#8217;educaci\u00f3 infantil han abordat la resoluci\u00f3 de conflictes a partir d&#8217;un curtmetratge. Els infants de P3 han escenificat un conflicte i les seves possibles solucions. Tot seguit, han penjat les imatges en un cartell, on els i les alumnes de P4 i P5 hi han posat les paraules.<br \/>\nPel que fa a l&#8217;alumnat d&#8217;Educaci\u00f3 Prim\u00e0ria, han elaborat un anunci de paraules boniques i reptes per fomentar la pau i la no-viol\u00e8ncia entre els companys\/es i tamb\u00e9 entre les persones del poble. Aquesta activitat proposa afavorir la bona sintonia entre les persones i contribuir al benestar emocional de tothom que ens envolta. Les propostes han tingut molt bona rebuda entre l&#8217;alumnat i s&#8217;han mostrat molt motivats i motivades.<img loading=\"lazy\" decoding=\"async\" class=\"aligncenter wp-image-5472 \" src=\"https:\/\/agora.xtec.cat\/zeroliver\/wp-content\/uploads\/usu798\/2022\/02\/WhatsApp-Image-2022-02-05-at-17.31.22.jpeg\" alt=\"\" width=\"347\" height=\"271\" srcset=\"https:\/\/agora.xtec.cat\/zeroliver\/wp-content\/uploads\/usu798\/2022\/02\/WhatsApp-Image-2022-02-05-at-17.31.22.jpeg 2048w, https:\/\/agora.xtec.cat\/zeroliver\/wp-content\/uploads\/usu798\/2022\/02\/WhatsApp-Image-2022-02-05-at-17.31.22-300x234.jpeg 300w, https:\/\/agora.xtec.cat\/zeroliver\/wp-content\/uploads\/usu798\/2022\/02\/WhatsApp-Image-2022-02-05-at-17.31.22-1024x799.jpeg 1024w, https:\/\/agora.xtec.cat\/zeroliver\/wp-content\/uploads\/usu798\/2022\/02\/WhatsApp-Image-2022-02-05-at-17.31.22-768x599.jpeg 768w, https:\/\/agora.xtec.cat\/zeroliver\/wp-content\/uploads\/usu798\/2022\/02\/WhatsApp-Image-2022-02-05-at-17.31.22-1536x1199.jpeg 1536w\" sizes=\"auto, (max-width: 347px) 100vw, 347px\" \/><\/p>\n<p>A l&#8217;<strong>Escola Arc d&#8217;Ad\u00e0<\/strong> v\u00e0rem crear el nostre abecedari de la Pau. Primerament, vam parlar sobre el simbolisme d&#8217;aquest dia tan especial i les seves implicacions. A continuaci\u00f3 vam cercar entre tots i totes paraules que comencessin amb les diferents lletres de l&#8217;abecedari, ja fossin en catal\u00e0, castell\u00e0 o angl\u00e8s. M\u00e9s tard, ens vam organitzar per tal de crear-ne els cartells i construir el mural entre tots i totes.<\/p>\n<p><img loading=\"lazy\" decoding=\"async\" class=\"wp-image-5469 aligncenter\" src=\"https:\/\/agora.xtec.cat\/zeroliver\/wp-content\/uploads\/usu798\/2022\/02\/PXL_20220125_121743722-scaled.jpg\" alt=\"\" width=\"469\" height=\"264\" srcset=\"https:\/\/agora.xtec.cat\/zeroliver\/wp-content\/uploads\/usu798\/2022\/02\/PXL_20220125_121743722-scaled.jpg 2560w, https:\/\/agora.xtec.cat\/zeroliver\/wp-content\/uploads\/usu798\/2022\/02\/PXL_20220125_121743722-300x169.jpg 300w, https:\/\/agora.xtec.cat\/zeroliver\/wp-content\/uploads\/usu798\/2022\/02\/PXL_20220125_121743722-1024x576.jpg 1024w, https:\/\/agora.xtec.cat\/zeroliver\/wp-content\/uploads\/usu798\/2022\/02\/PXL_20220125_121743722-768x432.jpg 768w, https:\/\/agora.xtec.cat\/zeroliver\/wp-content\/uploads\/usu798\/2022\/02\/PXL_20220125_121743722-1536x864.jpg 1536w, https:\/\/agora.xtec.cat\/zeroliver\/wp-content\/uploads\/usu798\/2022\/02\/PXL_20220125_121743722-2048x1152.jpg 2048w\" sizes=\"auto, (max-width: 469px) 100vw, 469px\" \/><\/p>\n<p>Des de l&#8217;<strong>Escola Sant Jaume<\/strong>, tota l&#8217;escola vam treballar el conte <a href=\"https:\/\/www.youtube.com\/watch?v=JaJH-A3V0TM\">El Mur<\/a>, on se simbolitza la diversitat de la nostra societat mitjan\u00e7ant els colors. Despr\u00e9s vam reflexionar sobre la import\u00e0ncia i la riquesa de la diversitat i la vam simbolitzar en un mural fet amb mandales de colors.<\/p>\n<p><img loading=\"lazy\" decoding=\"async\" class=\"wp-image-5468 aligncenter\" style=\"text-align: center;\" src=\"https:\/\/agora.xtec.cat\/zeroliver\/wp-content\/uploads\/usu798\/2022\/02\/WhatsApp-Image-2022-02-03-at-16.34.00.jpeg\" alt=\"\" width=\"269\" height=\"273\" srcset=\"https:\/\/agora.xtec.cat\/zeroliver\/wp-content\/uploads\/usu798\/2022\/02\/WhatsApp-Image-2022-02-03-at-16.34.00.jpeg 1007w, https:\/\/agora.xtec.cat\/zeroliver\/wp-content\/uploads\/usu798\/2022\/02\/WhatsApp-Image-2022-02-03-at-16.34.00-295x300.jpeg 295w, https:\/\/agora.xtec.cat\/zeroliver\/wp-content\/uploads\/usu798\/2022\/02\/WhatsApp-Image-2022-02-03-at-16.34.00-768x781.jpeg 768w\" sizes=\"auto, (max-width: 269px) 100vw, 269px\" \/><\/p>\n<p>A l&#8217;<strong>Escola de Massalcoreig<\/strong> v\u00e0rem treballar el dia de la Pau i la no-viol\u00e8ncia a trav\u00e9s d&#8217;un kahoot, un joc en qu\u00e8 s&#8217;han de respondre preguntes el m\u00e9s r\u00e0pid que puguis. Aquests kahoot va donar peu al debat posterior sobre qu\u00e8 \u00e9s la Pau i el respecte entre tots i totes.<\/p>\n<p><a href=\"https:\/\/create.kahoot.it\/share\/dia-de-la-paz\/7b0fda21-570f-4666-a77d-d93c51f3a67f\"><img decoding=\"async\" class=\"aligncenter\" src=\"https:\/\/escuelacanariablog.files.wordpress.com\/2017\/05\/kahoot.png\" alt=\"Kahoot: recurso para hacer de tu pr\u00e1ctica educativa un juego | Escuela Canaria\" \/><\/a><\/p>\n<p>Des de l&#8217;\u00e0rea de <strong>m\u00fasica<\/strong> vam treballar la can\u00e7\u00f3\u00a0<em>Vivan las manos de colores<\/em>, on es parla de la import\u00e0ncia d&#8217;acceptar la diversitat cultural i personal de cadasc\u00fa. Un cop apressa la can\u00e7\u00f3 i la coreografia, vam cantar-la plegats\/des al pati acompanyats de globus. Va ser espectacular! \ud83d\ude0d Aqu\u00ed us en deixem el v\u00eddeo perqu\u00e8 pugueu gaudir tant com nosaltres ho vam fer aquell dia!<\/p>\n<p style=\"text-align: center;\"><iframe loading=\"lazy\" src=\"https:\/\/drive.google.com\/file\/d\/1yXVppfWxCrjc9bV5frH2lEx8qFS0Mooy\/preview\" width=\"640\" height=\"480\"><\/iframe><\/p>\n","protected":false},"excerpt":{"rendered":"<p>El passat dissabte dia 30 de gener era el dia mundial de la No-viol\u00e8ncia i la Pau. Durant la darrera [&hellip;]<\/p>\n","protected":false},"author":1,"featured_media":5470,"comment_status":"open","ping_status":"closed","sticky":false,"template":"","format":"standard","meta":{"_bbp_topic_count":0,"_bbp_reply_count":0,"_bbp_total_topic_count":0,"_bbp_total_reply_count":0,"_bbp_voice_count":0,"_bbp_anonymous_reply_count":0,"_bbp_topic_count_hidden":0,"_bbp_reply_count_hidden":0,"_bbp_forum_subforum_count":0,"site-sidebar-layout":"default","site-content-layout":"","ast-site-content-layout":"","site-content-style":"default","site-sidebar-style":"default","ast-global-header-display":"","ast-banner-title-visibility":"","ast-main-header-display":"","ast-hfb-above-header-display":"","ast-hfb-below-header-display":"","ast-hfb-mobile-header-display":"","site-post-title":"","ast-breadcrumbs-content":"","ast-featured-img":"","footer-sml-layout":"","theme-transparent-header-meta":"","adv-header-id-meta":"","stick-header-meta":"","header-above-stick-meta":"","header-main-stick-meta":"","header-below-stick-meta":"","astra-migrate-meta-layouts":"default","ast-page-background-enabled":"default","ast-page-background-meta":{"desktop":{"background-color":"var(--ast-global-color-4)","background-image":"","background-repeat":"repeat","background-position":"center center","background-size":"auto","background-attachment":"scroll","background-type":"","background-media":"","overlay-type":"","overlay-color":"","overlay-opacity":"","overlay-gradient":""},"tablet":{"background-color":"","background-image":"","background-repeat":"repeat","background-position":"center center","background-size":"auto","background-attachment":"scroll","background-type":"","background-media":"","overlay-type":"","overlay-color":"","overlay-opacity":"","overlay-gradient":""},"mobile":{"background-color":"","background-image":"","background-repeat":"repeat","background-position":"center center","background-size":"auto","background-attachment":"scroll","background-type":"","background-media":"","overlay-type":"","overlay-color":"","overlay-opacity":"","overlay-gradient":""}},"ast-content-background-meta":{"desktop":{"background-color":"var(--ast-global-color-5)","background-image":"","background-repeat":"repeat","background-position":"center center","background-size":"auto","background-attachment":"scroll","background-type":"","background-media":"","overlay-type":"","overlay-color":"","overlay-opacity":"","overlay-gradient":""},"tablet":{"background-color":"var(--ast-global-color-5)","background-image":"","background-repeat":"repeat","background-position":"center center","background-size":"auto","background-attachment":"scroll","background-type":"","background-media":"","overlay-type":"","overlay-color":"","overlay-opacity":"","overlay-gradient":""},"mobile":{"background-color":"var(--ast-global-color-5)","background-image":"","background-repeat":"repeat","background-position":"center center","background-size":"auto","background-attachment":"scroll","background-type":"","background-media":"","overlay-type":"","overlay-color":"","overlay-opacity":"","overlay-gradient":""}},"footnotes":""},"categories":[1,29,125,126,127,128,129,130,68,70,92,59,96,133,134,135,100,162],"tags":[],"class_list":["post-5467","post","type-post","status-publish","format-standard","has-post-thumbnail","hentry","category-general","category-portada","category-1r","category-2n","category-3r","category-4t","category-5e","category-6e","category-escola-arc-dada","category-escola-massalcoreig","category-escola-otogesa","category-sant-jaume","category-festes","category-i3","category-i4","category-i5","category-musica","category-zer"],"post_mailing_queue_ids":[],"_links":{"self":[{"href":"https:\/\/agora.xtec.cat\/zeroliver\/wp-json\/wp\/v2\/posts\/5467","targetHints":{"allow":["GET"]}}],"collection":[{"href":"https:\/\/agora.xtec.cat\/zeroliver\/wp-json\/wp\/v2\/posts"}],"about":[{"href":"https:\/\/agora.xtec.cat\/zeroliver\/wp-json\/wp\/v2\/types\/post"}],"author":[{"embeddable":true,"href":"https:\/\/agora.xtec.cat\/zeroliver\/wp-json\/wp\/v2\/users\/1"}],"replies":[{"embeddable":true,"href":"https:\/\/agora.xtec.cat\/zeroliver\/wp-json\/wp\/v2\/comments?post=5467"}],"version-history":[{"count":3,"href":"https:\/\/agora.xtec.cat\/zeroliver\/wp-json\/wp\/v2\/posts\/5467\/revisions"}],"predecessor-version":[{"id":5475,"href":"https:\/\/agora.xtec.cat\/zeroliver\/wp-json\/wp\/v2\/posts\/5467\/revisions\/5475"}],"wp:featuredmedia":[{"embeddable":true,"href":"https:\/\/agora.xtec.cat\/zeroliver\/wp-json\/wp\/v2\/media\/5470"}],"wp:attachment":[{"href":"https:\/\/agora.xtec.cat\/zeroliver\/wp-json\/wp\/v2\/media?parent=5467"}],"wp:term":[{"taxonomy":"category","embeddable":true,"href":"https:\/\/agora.xtec.cat\/zeroliver\/wp-json\/wp\/v2\/categories?post=5467"},{"taxonomy":"post_tag","embeddable":true,"href":"https:\/\/agora.xtec.cat\/zeroliver\/wp-json\/wp\/v2\/tags?post=5467"}],"curies":[{"name":"wp","href":"https:\/\/api.w.org\/{rel}","templated":true}]}}