{"id":5357,"date":"2021-12-16T09:44:32","date_gmt":"2021-12-16T08:44:32","guid":{"rendered":"https:\/\/agora.xtec.cat\/zeroliver\/?p=5357"},"modified":"2021-12-16T09:45:39","modified_gmt":"2021-12-16T08:45:39","slug":"a-la-cerca-del-tresor-pirata-%f0%9f%8f%b4%e2%80%8d%e2%98%a0%ef%b8%8f","status":"publish","type":"post","link":"https:\/\/agora.xtec.cat\/zeroliver\/general\/a-la-cerca-del-tresor-pirata-%f0%9f%8f%b4%e2%80%8d%e2%98%a0%ef%b8%8f\/","title":{"rendered":"A LA CERCA DEL TRESOR PIRATA! \ud83c\udff4\u200d\u2620\ufe0f \ud83c\udfbc\ud83c\udfb6"},"content":{"rendered":"<p>En l&#8217;\u00e0rea de m\u00fasica, els nens i nenes de CI de Maials, Llardecans, La Granja d&#8217;Escarp, i la Comunitat de Mitjans de l&#8217;escola de Massalcoreig hem passat un trimestre emocionant!<\/p>\n<p>V\u00e0rem comen\u00e7ar amb l&#8217;arribada d&#8217;una carta misteriosa, que ens anunciava un gran esdeveniment:<\/p>\n<p><img loading=\"lazy\" decoding=\"async\" class=\"wp-image-5358 aligncenter\" src=\"https:\/\/agora.xtec.cat\/zeroliver\/wp-content\/uploads\/usu798\/2021\/12\/Captura-de-pantalla-2021-12-16-092728.png\" alt=\"\" width=\"369\" height=\"517\" srcset=\"https:\/\/agora.xtec.cat\/zeroliver\/wp-content\/uploads\/usu798\/2021\/12\/Captura-de-pantalla-2021-12-16-092728.png 595w, https:\/\/agora.xtec.cat\/zeroliver\/wp-content\/uploads\/usu798\/2021\/12\/Captura-de-pantalla-2021-12-16-092728-214x300.png 214w\" sizes=\"auto, (max-width: 369px) 100vw, 369px\" \/><\/p>\n<p>Des d&#8217;aquell dia hem anat vivint un munt d&#8217;aventures, coneixent els ritmes pirates que ens acompanyarien en aquest viatge: la negra (o com li diuen els amics, TA), les dues corxeres (TI-TI), el silenci de negra (Z) i la blanca (TAAAM).<\/p>\n<p>Tamb\u00e9 hem lluitat contra ossos, descobert el codi secret dels pirates (per saber si el so \u00e9s ascendent, descendent o recte) i fins i tot vam con\u00e8ixer una pirata violinista!<\/p>\n<p>Aquesta \u00faltima setmana ens hem hagut d&#8217;afrontar a un gran repte, i \u00e9s que el tresor era ben a prop! Per poder-lo aconseguir, hem hagut de superar un seguit de proves musicals d&#8217;all\u00f2 m\u00e9s complicades! Sort que nosaltres som uns cracks i les hem pogudes superar totes! \ud83d\udcaa<\/p>\n<p>Com a premi hem obtingut uns pegats pirates i unes monedes de xocolata d&#8217;all\u00f2 m\u00e9s bones! Aqu\u00ed us deixem algunes fotografies de la cerca del tresor i del mapa final que hem hagut de resoldre.<\/p>\n<p>Molt b\u00e9 pirates!<\/p>\n<div style=\"width: 100%;\">\n<div style=\"position: relative; padding-bottom: 56.25%; padding-top: 0; height: 0;\"><iframe loading=\"lazy\" style=\"position: absolute; top: 0; left: 0; width: 100%; height: 100%;\" src=\"https:\/\/view.genial.ly\/61a25af5bc61af0dff73d7b7\" width=\"1200\" height=\"675\" frameborder=\"0\" scrolling=\"yes\" allowfullscreen=\"allowfullscreen\"><\/iframe><\/div>\n<\/div>\n<p>&nbsp;<\/p>\n<p style=\"text-align: center;\">Feu click a la foto per veure les fotografies de la cerca del tresor:<\/p>\n<p style=\"text-align: center;\"><a href=\"https:\/\/photos.app.goo.gl\/btTNBBrWpdZKC8ix9\"><img loading=\"lazy\" decoding=\"async\" class=\"size-full wp-image-5359 aligncenter\" src=\"https:\/\/agora.xtec.cat\/zeroliver\/wp-content\/uploads\/usu798\/2021\/12\/IMG-20211209-WA0002.jpg\" alt=\"\" width=\"2046\" height=\"1539\" srcset=\"https:\/\/agora.xtec.cat\/zeroliver\/wp-content\/uploads\/usu798\/2021\/12\/IMG-20211209-WA0002.jpg 2046w, https:\/\/agora.xtec.cat\/zeroliver\/wp-content\/uploads\/usu798\/2021\/12\/IMG-20211209-WA0002-300x226.jpg 300w, https:\/\/agora.xtec.cat\/zeroliver\/wp-content\/uploads\/usu798\/2021\/12\/IMG-20211209-WA0002-1024x770.jpg 1024w, https:\/\/agora.xtec.cat\/zeroliver\/wp-content\/uploads\/usu798\/2021\/12\/IMG-20211209-WA0002-768x578.jpg 768w, https:\/\/agora.xtec.cat\/zeroliver\/wp-content\/uploads\/usu798\/2021\/12\/IMG-20211209-WA0002-1536x1155.jpg 1536w, https:\/\/agora.xtec.cat\/zeroliver\/wp-content\/uploads\/usu798\/2021\/12\/IMG-20211209-WA0002-200x150.jpg 200w\" sizes=\"auto, (max-width: 2046px) 100vw, 2046px\" \/><\/a><\/p>\n<p>&nbsp;<\/p>\n<p>&nbsp;<\/p>\n<p>&nbsp;<\/p>\n","protected":false},"excerpt":{"rendered":"<p>En l&#8217;\u00e0rea de m\u00fasica, els nens i nenes de CI de Maials, Llardecans, La Granja d&#8217;Escarp, i la Comunitat de [&hellip;]<\/p>\n","protected":false},"author":1,"featured_media":5361,"comment_status":"open","ping_status":"closed","sticky":false,"template":"","format":"standard","meta":{"_bbp_topic_count":0,"_bbp_reply_count":0,"_bbp_total_topic_count":0,"_bbp_total_reply_count":0,"_bbp_voice_count":0,"_bbp_anonymous_reply_count":0,"_bbp_topic_count_hidden":0,"_bbp_reply_count_hidden":0,"_bbp_forum_subforum_count":0,"site-sidebar-layout":"default","site-content-layout":"","ast-site-content-layout":"","site-content-style":"default","site-sidebar-style":"default","ast-global-header-display":"","ast-banner-title-visibility":"","ast-main-header-display":"","ast-hfb-above-header-display":"","ast-hfb-below-header-display":"","ast-hfb-mobile-header-display":"","site-post-title":"","ast-breadcrumbs-content":"","ast-featured-img":"","footer-sml-layout":"","theme-transparent-header-meta":"","adv-header-id-meta":"","stick-header-meta":"","header-above-stick-meta":"","header-main-stick-meta":"","header-below-stick-meta":"","astra-migrate-meta-layouts":"default","ast-page-background-enabled":"default","ast-page-background-meta":{"desktop":{"background-color":"var(--ast-global-color-4)","background-image":"","background-repeat":"repeat","background-position":"center center","background-size":"auto","background-attachment":"scroll","background-type":"","background-media":"","overlay-type":"","overlay-color":"","overlay-opacity":"","overlay-gradient":""},"tablet":{"background-color":"","background-image":"","background-repeat":"repeat","background-position":"center center","background-size":"auto","background-attachment":"scroll","background-type":"","background-media":"","overlay-type":"","overlay-color":"","overlay-opacity":"","overlay-gradient":""},"mobile":{"background-color":"","background-image":"","background-repeat":"repeat","background-position":"center center","background-size":"auto","background-attachment":"scroll","background-type":"","background-media":"","overlay-type":"","overlay-color":"","overlay-opacity":"","overlay-gradient":""}},"ast-content-background-meta":{"desktop":{"background-color":"var(--ast-global-color-5)","background-image":"","background-repeat":"repeat","background-position":"center center","background-size":"auto","background-attachment":"scroll","background-type":"","background-media":"","overlay-type":"","overlay-color":"","overlay-opacity":"","overlay-gradient":""},"tablet":{"background-color":"var(--ast-global-color-5)","background-image":"","background-repeat":"repeat","background-position":"center center","background-size":"auto","background-attachment":"scroll","background-type":"","background-media":"","overlay-type":"","overlay-color":"","overlay-opacity":"","overlay-gradient":""},"mobile":{"background-color":"var(--ast-global-color-5)","background-image":"","background-repeat":"repeat","background-position":"center center","background-size":"auto","background-attachment":"scroll","background-type":"","background-media":"","overlay-type":"","overlay-color":"","overlay-opacity":"","overlay-gradient":""}},"footnotes":""},"categories":[1,29,125,126,127,68,70,92,59,100],"tags":[],"class_list":["post-5357","post","type-post","status-publish","format-standard","has-post-thumbnail","hentry","category-general","category-portada","category-1r","category-2n","category-3r","category-escola-arc-dada","category-escola-massalcoreig","category-escola-otogesa","category-sant-jaume","category-musica"],"post_mailing_queue_ids":[],"_links":{"self":[{"href":"https:\/\/agora.xtec.cat\/zeroliver\/wp-json\/wp\/v2\/posts\/5357","targetHints":{"allow":["GET"]}}],"collection":[{"href":"https:\/\/agora.xtec.cat\/zeroliver\/wp-json\/wp\/v2\/posts"}],"about":[{"href":"https:\/\/agora.xtec.cat\/zeroliver\/wp-json\/wp\/v2\/types\/post"}],"author":[{"embeddable":true,"href":"https:\/\/agora.xtec.cat\/zeroliver\/wp-json\/wp\/v2\/users\/1"}],"replies":[{"embeddable":true,"href":"https:\/\/agora.xtec.cat\/zeroliver\/wp-json\/wp\/v2\/comments?post=5357"}],"version-history":[{"count":3,"href":"https:\/\/agora.xtec.cat\/zeroliver\/wp-json\/wp\/v2\/posts\/5357\/revisions"}],"predecessor-version":[{"id":5363,"href":"https:\/\/agora.xtec.cat\/zeroliver\/wp-json\/wp\/v2\/posts\/5357\/revisions\/5363"}],"wp:featuredmedia":[{"embeddable":true,"href":"https:\/\/agora.xtec.cat\/zeroliver\/wp-json\/wp\/v2\/media\/5361"}],"wp:attachment":[{"href":"https:\/\/agora.xtec.cat\/zeroliver\/wp-json\/wp\/v2\/media?parent=5357"}],"wp:term":[{"taxonomy":"category","embeddable":true,"href":"https:\/\/agora.xtec.cat\/zeroliver\/wp-json\/wp\/v2\/categories?post=5357"},{"taxonomy":"post_tag","embeddable":true,"href":"https:\/\/agora.xtec.cat\/zeroliver\/wp-json\/wp\/v2\/tags?post=5357"}],"curies":[{"name":"wp","href":"https:\/\/api.w.org\/{rel}","templated":true}]}}