{"id":4568,"date":"2021-03-10T20:20:47","date_gmt":"2021-03-10T19:20:47","guid":{"rendered":"http:\/\/agora.xtec.cat\/zeroliver\/?p=4568"},"modified":"2021-03-24T19:14:06","modified_gmt":"2021-03-24T18:14:06","slug":"anem-de-concert-i-celebrem-el-dia-de-la-dona","status":"publish","type":"post","link":"https:\/\/agora.xtec.cat\/zeroliver\/general\/anem-de-concert-i-celebrem-el-dia-de-la-dona\/","title":{"rendered":"ANEM DE CONCERT I CELEBREM EL DIA DE LA DONA!"},"content":{"rendered":"<p align=\"justify\">Benvolgudes de nou fam\u00edlies!<\/p>\n<p align=\"justify\">Com ja us vam fer saber, el passat divendres 5 de mar\u00e7, vam poder gaudir d\u2019un <strong>concert en directe<\/strong> al casal del poble. Van venir a actuar la Joana Cebolla, cantant i trombonista lleidatana, acompanyada del contrabaixista Ignasi Gonz\u00e1lez.<\/p>\n<p align=\"justify\">Hem pogut escoltar el tromb\u00f3 i el contrabaix, dos instruments que no estem acostumats a escoltar. El concert ens va agradar molt\u00edssim, ho van fer d\u2019all\u00f2 m\u00e9s b\u00e9 i ens van fer moure tot el cos! Moltes gr\u00e0cies per haver-nos apropat la m\u00fasica a l\u2019escola!!<\/p>\n<p align=\"justify\">D\u2019altra banda, el dilluns 8 vam poder celebrar el <strong>dia de la Dona<\/strong>. Cada classe ha conegut el perqu\u00e8 de la celebraci\u00f3 d\u2019aquest dia tant important i hem treballat diferents dones, coneixent la seva hist\u00f2ria i les seves proeses. En vam tractar moltes, a la pancarta que tenim penjada a la reixa de l\u2019escola us en mostrem un tastet.<\/p>\n<p align=\"justify\">I, per \u00faltim, per\u00f2 no menys important, des d\u2019aqu\u00ed li volem agrair a l\u2019<strong>Eloy<\/strong> la seva tasca a l\u2019escola aquests dies. Ens ho ha fet passar molt b\u00e9 i hem apr\u00e8s moltes coses. Ara, amb la <strong>Francis<\/strong> de tornada continuem treballant, els vostres fills i filles us poden explicar les pancartes i dibuixos ben bonics que li vam preparar per donar-li la benvinguda!!<\/p>\n<p align=\"justify\">Podeu veure un recull de les fotos aqu\u00ed:\u00a0<a href=\"https:\/\/photos.app.goo.gl\/RnGUMjYqZRDmRBBo7\">https:\/\/photos.app.goo.gl\/RnGUMjYqZRDmRBBo7<\/a><\/p>\n<p align=\"justify\"><img loading=\"lazy\" decoding=\"async\" class=\"alignleft wp-image-4569\" src=\"https:\/\/agora.xtec.cat\/zeroliver\/wp-content\/uploads\/usu798\/2021\/03\/IMG_20210308_165415-300x225.jpg\" alt=\"\" width=\"362\" height=\"272\" srcset=\"https:\/\/agora.xtec.cat\/zeroliver\/wp-content\/uploads\/usu798\/2021\/03\/IMG_20210308_165415-300x225.jpg 300w, https:\/\/agora.xtec.cat\/zeroliver\/wp-content\/uploads\/usu798\/2021\/03\/IMG_20210308_165415-768x576.jpg 768w, https:\/\/agora.xtec.cat\/zeroliver\/wp-content\/uploads\/usu798\/2021\/03\/IMG_20210308_165415-1024x768.jpg 1024w, https:\/\/agora.xtec.cat\/zeroliver\/wp-content\/uploads\/usu798\/2021\/03\/IMG_20210308_165415-200x150.jpg 200w\" sizes=\"auto, (max-width: 362px) 100vw, 362px\" \/><\/p>\n","protected":false},"excerpt":{"rendered":"<p>Benvolgudes de nou fam\u00edlies! Com ja us vam fer saber, el passat divendres 5 de mar\u00e7, vam poder gaudir d\u2019un [&hellip;]<\/p>\n","protected":false},"author":6,"featured_media":4569,"comment_status":"open","ping_status":"closed","sticky":false,"template":"","format":"standard","meta":{"_bbp_topic_count":0,"_bbp_reply_count":0,"_bbp_total_topic_count":0,"_bbp_total_reply_count":0,"_bbp_voice_count":0,"_bbp_anonymous_reply_count":0,"_bbp_topic_count_hidden":0,"_bbp_reply_count_hidden":0,"_bbp_forum_subforum_count":0,"site-sidebar-layout":"default","site-content-layout":"","ast-site-content-layout":"","site-content-style":"default","site-sidebar-style":"default","ast-global-header-display":"","ast-banner-title-visibility":"","ast-main-header-display":"","ast-hfb-above-header-display":"","ast-hfb-below-header-display":"","ast-hfb-mobile-header-display":"","site-post-title":"","ast-breadcrumbs-content":"","ast-featured-img":"","footer-sml-layout":"","theme-transparent-header-meta":"","adv-header-id-meta":"","stick-header-meta":"","header-above-stick-meta":"","header-main-stick-meta":"","header-below-stick-meta":"","astra-migrate-meta-layouts":"default","ast-page-background-enabled":"default","ast-page-background-meta":{"desktop":{"background-color":"var(--ast-global-color-4)","background-image":"","background-repeat":"repeat","background-position":"center center","background-size":"auto","background-attachment":"scroll","background-type":"","background-media":"","overlay-type":"","overlay-color":"","overlay-opacity":"","overlay-gradient":""},"tablet":{"background-color":"","background-image":"","background-repeat":"repeat","background-position":"center center","background-size":"auto","background-attachment":"scroll","background-type":"","background-media":"","overlay-type":"","overlay-color":"","overlay-opacity":"","overlay-gradient":""},"mobile":{"background-color":"","background-image":"","background-repeat":"repeat","background-position":"center center","background-size":"auto","background-attachment":"scroll","background-type":"","background-media":"","overlay-type":"","overlay-color":"","overlay-opacity":"","overlay-gradient":""}},"ast-content-background-meta":{"desktop":{"background-color":"var(--ast-global-color-5)","background-image":"","background-repeat":"repeat","background-position":"center center","background-size":"auto","background-attachment":"scroll","background-type":"","background-media":"","overlay-type":"","overlay-color":"","overlay-opacity":"","overlay-gradient":""},"tablet":{"background-color":"var(--ast-global-color-5)","background-image":"","background-repeat":"repeat","background-position":"center center","background-size":"auto","background-attachment":"scroll","background-type":"","background-media":"","overlay-type":"","overlay-color":"","overlay-opacity":"","overlay-gradient":""},"mobile":{"background-color":"var(--ast-global-color-5)","background-image":"","background-repeat":"repeat","background-position":"center center","background-size":"auto","background-attachment":"scroll","background-type":"","background-media":"","overlay-type":"","overlay-color":"","overlay-opacity":"","overlay-gradient":""}},"footnotes":""},"categories":[1,70],"tags":[],"class_list":["post-4568","post","type-post","status-publish","format-standard","has-post-thumbnail","hentry","category-general","category-escola-massalcoreig"],"post_mailing_queue_ids":[],"_links":{"self":[{"href":"https:\/\/agora.xtec.cat\/zeroliver\/wp-json\/wp\/v2\/posts\/4568","targetHints":{"allow":["GET"]}}],"collection":[{"href":"https:\/\/agora.xtec.cat\/zeroliver\/wp-json\/wp\/v2\/posts"}],"about":[{"href":"https:\/\/agora.xtec.cat\/zeroliver\/wp-json\/wp\/v2\/types\/post"}],"author":[{"embeddable":true,"href":"https:\/\/agora.xtec.cat\/zeroliver\/wp-json\/wp\/v2\/users\/6"}],"replies":[{"embeddable":true,"href":"https:\/\/agora.xtec.cat\/zeroliver\/wp-json\/wp\/v2\/comments?post=4568"}],"version-history":[{"count":2,"href":"https:\/\/agora.xtec.cat\/zeroliver\/wp-json\/wp\/v2\/posts\/4568\/revisions"}],"predecessor-version":[{"id":4572,"href":"https:\/\/agora.xtec.cat\/zeroliver\/wp-json\/wp\/v2\/posts\/4568\/revisions\/4572"}],"wp:featuredmedia":[{"embeddable":true,"href":"https:\/\/agora.xtec.cat\/zeroliver\/wp-json\/wp\/v2\/media\/4569"}],"wp:attachment":[{"href":"https:\/\/agora.xtec.cat\/zeroliver\/wp-json\/wp\/v2\/media?parent=4568"}],"wp:term":[{"taxonomy":"category","embeddable":true,"href":"https:\/\/agora.xtec.cat\/zeroliver\/wp-json\/wp\/v2\/categories?post=4568"},{"taxonomy":"post_tag","embeddable":true,"href":"https:\/\/agora.xtec.cat\/zeroliver\/wp-json\/wp\/v2\/tags?post=4568"}],"curies":[{"name":"wp","href":"https:\/\/api.w.org\/{rel}","templated":true}]}}