{"id":4565,"date":"2021-03-11T14:46:45","date_gmt":"2021-03-11T13:46:45","guid":{"rendered":"http:\/\/agora.xtec.cat\/zeroliver\/?p=4565"},"modified":"2021-03-28T12:41:22","modified_gmt":"2021-03-28T10:41:22","slug":"aprenem-de-les-plantes-amb-la-floracio-dels-ametllers","status":"publish","type":"post","link":"https:\/\/agora.xtec.cat\/zeroliver\/zer\/escola-arc-dada\/aprenem-de-les-plantes-amb-la-floracio-dels-ametllers\/","title":{"rendered":"APRENEM DE LES PLANTES AMB LA FLORACI\u00d3 DELS AMETLLERS"},"content":{"rendered":"<p>El dijous passat <strong>l&#8217;alumnat de CM i CS<\/strong> vam fer una sortida a veure els ametllers florits amb la companyia\u00a0 del Josep M\u00aa que ens va explicar amb tota mena de detalls les caracter\u00edstiques de l&#8217;ametller. Avui hem repetit l&#8217;experi\u00e8ncia amb <strong>l&#8217;alumnat de Cicle Inicial<\/strong> i les seves explicacions no han deixat indiferent a ning\u00fa. L&#8217;aprenentatge ha estat molt significatiu i vivencial ja que hem pogut veure i investigar les parts de l&#8217;arbre: el tronc, les fulles, les flors, tamb\u00e9 olorar-les i sobretot con\u00e8ixer de ben a prop part de la flora que ens envolta. A m\u00e9s a m\u00e9s aquest padr\u00ed i ve\u00ed del poble apassionat de l&#8217;agricultura i la terra ens ha regalat un test amb tot de plantes arom\u00e0tiques del terme. Molt\u00edssimes gr\u00e0cies Josep M\u00aa!!<\/p>\n<p><a href=\"https:\/\/agora.xtec.cat\/zeroliver\/wp-content\/uploads\/usu798\/2021\/03\/WhatsApp-Image-2021-03-10-at-13_opt-1.jpg\"><img loading=\"lazy\" decoding=\"async\" class=\"alignnone size-full wp-image-4566\" src=\"https:\/\/agora.xtec.cat\/zeroliver\/wp-content\/uploads\/usu798\/2021\/03\/WhatsApp-Image-2021-03-10-at-13_opt-1.jpg\" alt=\"\" width=\"400\" height=\"300\" srcset=\"https:\/\/agora.xtec.cat\/zeroliver\/wp-content\/uploads\/usu798\/2021\/03\/WhatsApp-Image-2021-03-10-at-13_opt-1.jpg 400w, https:\/\/agora.xtec.cat\/zeroliver\/wp-content\/uploads\/usu798\/2021\/03\/WhatsApp-Image-2021-03-10-at-13_opt-1-300x225.jpg 300w, https:\/\/agora.xtec.cat\/zeroliver\/wp-content\/uploads\/usu798\/2021\/03\/WhatsApp-Image-2021-03-10-at-13_opt-1-200x150.jpg 200w\" sizes=\"auto, (max-width: 400px) 100vw, 400px\" \/><\/a><\/p>\n<p>Clica sota per veure les fotografies:<\/p>\n<p><a href=\"https:\/\/photos.app.goo.gl\/qJCss6Dm2FBmRxeKA\">https:\/\/photos.app.goo.gl\/qJCss6Dm2FBmRxeKA<\/a><\/p>\n<p>&nbsp;<\/p>\n","protected":false},"excerpt":{"rendered":"<p>El dijous passat l&#8217;alumnat de CM i CS vam fer una sortida a veure els ametllers florits amb la companyia\u00a0 [&hellip;]<\/p>\n","protected":false},"author":4,"featured_media":4566,"comment_status":"open","ping_status":"closed","sticky":false,"template":"","format":"standard","meta":{"_bbp_topic_count":0,"_bbp_reply_count":0,"_bbp_total_topic_count":0,"_bbp_total_reply_count":0,"_bbp_voice_count":0,"_bbp_anonymous_reply_count":0,"_bbp_topic_count_hidden":0,"_bbp_reply_count_hidden":0,"_bbp_forum_subforum_count":0,"site-sidebar-layout":"default","site-content-layout":"","ast-site-content-layout":"","site-content-style":"default","site-sidebar-style":"default","ast-global-header-display":"","ast-banner-title-visibility":"","ast-main-header-display":"","ast-hfb-above-header-display":"","ast-hfb-below-header-display":"","ast-hfb-mobile-header-display":"","site-post-title":"","ast-breadcrumbs-content":"","ast-featured-img":"","footer-sml-layout":"","theme-transparent-header-meta":"","adv-header-id-meta":"","stick-header-meta":"","header-above-stick-meta":"","header-main-stick-meta":"","header-below-stick-meta":"","astra-migrate-meta-layouts":"default","ast-page-background-enabled":"default","ast-page-background-meta":{"desktop":{"background-color":"var(--ast-global-color-4)","background-image":"","background-repeat":"repeat","background-position":"center center","background-size":"auto","background-attachment":"scroll","background-type":"","background-media":"","overlay-type":"","overlay-color":"","overlay-opacity":"","overlay-gradient":""},"tablet":{"background-color":"","background-image":"","background-repeat":"repeat","background-position":"center center","background-size":"auto","background-attachment":"scroll","background-type":"","background-media":"","overlay-type":"","overlay-color":"","overlay-opacity":"","overlay-gradient":""},"mobile":{"background-color":"","background-image":"","background-repeat":"repeat","background-position":"center center","background-size":"auto","background-attachment":"scroll","background-type":"","background-media":"","overlay-type":"","overlay-color":"","overlay-opacity":"","overlay-gradient":""}},"ast-content-background-meta":{"desktop":{"background-color":"var(--ast-global-color-5)","background-image":"","background-repeat":"repeat","background-position":"center center","background-size":"auto","background-attachment":"scroll","background-type":"","background-media":"","overlay-type":"","overlay-color":"","overlay-opacity":"","overlay-gradient":""},"tablet":{"background-color":"var(--ast-global-color-5)","background-image":"","background-repeat":"repeat","background-position":"center center","background-size":"auto","background-attachment":"scroll","background-type":"","background-media":"","overlay-type":"","overlay-color":"","overlay-opacity":"","overlay-gradient":""},"mobile":{"background-color":"var(--ast-global-color-5)","background-image":"","background-repeat":"repeat","background-position":"center center","background-size":"auto","background-attachment":"scroll","background-type":"","background-media":"","overlay-type":"","overlay-color":"","overlay-opacity":"","overlay-gradient":""}},"footnotes":""},"categories":[125,126,127,128,129,130,68,95],"tags":[],"class_list":["post-4565","post","type-post","status-publish","format-standard","has-post-thumbnail","hentry","category-1r","category-2n","category-3r","category-4t","category-5e","category-6e","category-escola-arc-dada","category-sortides"],"post_mailing_queue_ids":[],"_links":{"self":[{"href":"https:\/\/agora.xtec.cat\/zeroliver\/wp-json\/wp\/v2\/posts\/4565","targetHints":{"allow":["GET"]}}],"collection":[{"href":"https:\/\/agora.xtec.cat\/zeroliver\/wp-json\/wp\/v2\/posts"}],"about":[{"href":"https:\/\/agora.xtec.cat\/zeroliver\/wp-json\/wp\/v2\/types\/post"}],"author":[{"embeddable":true,"href":"https:\/\/agora.xtec.cat\/zeroliver\/wp-json\/wp\/v2\/users\/4"}],"replies":[{"embeddable":true,"href":"https:\/\/agora.xtec.cat\/zeroliver\/wp-json\/wp\/v2\/comments?post=4565"}],"version-history":[{"count":3,"href":"https:\/\/agora.xtec.cat\/zeroliver\/wp-json\/wp\/v2\/posts\/4565\/revisions"}],"predecessor-version":[{"id":4574,"href":"https:\/\/agora.xtec.cat\/zeroliver\/wp-json\/wp\/v2\/posts\/4565\/revisions\/4574"}],"wp:featuredmedia":[{"embeddable":true,"href":"https:\/\/agora.xtec.cat\/zeroliver\/wp-json\/wp\/v2\/media\/4566"}],"wp:attachment":[{"href":"https:\/\/agora.xtec.cat\/zeroliver\/wp-json\/wp\/v2\/media?parent=4565"}],"wp:term":[{"taxonomy":"category","embeddable":true,"href":"https:\/\/agora.xtec.cat\/zeroliver\/wp-json\/wp\/v2\/categories?post=4565"},{"taxonomy":"post_tag","embeddable":true,"href":"https:\/\/agora.xtec.cat\/zeroliver\/wp-json\/wp\/v2\/tags?post=4565"}],"curies":[{"name":"wp","href":"https:\/\/api.w.org\/{rel}","templated":true}]}}