{"id":4417,"date":"2021-02-08T11:08:38","date_gmt":"2021-02-08T10:08:38","guid":{"rendered":"http:\/\/agora.xtec.cat\/zeroliver\/?p=4417"},"modified":"2021-03-01T12:31:02","modified_gmt":"2021-03-01T11:31:02","slug":"dia-escolar-de-la-no-violencia-i-la-pau-a-massalcoreig","status":"publish","type":"post","link":"https:\/\/agora.xtec.cat\/zeroliver\/general\/dia-escolar-de-la-no-violencia-i-la-pau-a-massalcoreig\/","title":{"rendered":"DIA ESCOLAR DE LA NO VIOL\u00c8NCIA I LA PAU A MASSALCOREIG"},"content":{"rendered":"<p>Aquesta setmana a l&#8217;Escola de Massalcoreig hem celebrat el\u00a0DENIP, Dia Escolar de la\u00a0No-viol\u00e8ncia\u00a0i la Pau.<\/p>\n<p>La visita que ens va fer la Lara\u00a0Costafreda\u00a0fa unes setmanes ens ha ajudat a conscienciar-nos (una mica m\u00e9s encara) en el tema dels refugiats, per tant aquest any la nostra jornada de la pau gira entorn els refugiats.<br \/>\nHem\u00a0fet un treball col\u00b7lectiu amb tota la\u00a0ZER\u00a0i dintre de poc\u00a0es\u00a0podr\u00e0 veure el treball final de les 4 escoles.<\/p>\n<p>Tots els infants de l&#8217;Escola de Massalcoreig han pogut gaudir escoltant el conte &#8220;Amic meu&#8221; d&#8217;Open Cultural Center, que explica la vida d&#8217;uns quants nens i nenes Sirians que han hagut de deixar casa seva per la guerra i comen\u00e7ar un llarg cam\u00ed cap als camps de refugiats.<\/p>\n<p>Els i les alumnes de Cicle Superior han fet dibuixos representant com s&#8217;imaginen el cam\u00ed dels refugiats, de tots aquests i gr\u00e0cies a una votaci\u00f3 s&#8217;ha escollit un que \u00e9s el que representa la nostra escola. Aquest dibuix s&#8217;ha fet en gran i conjuntament amb tots els nens i les nenes de l&#8217;escola s&#8217;ha pintat.<br \/>\nA m\u00e9s, en el mural es pot veure les reflexions dels nostres alumnes d&#8217;Infantil, que s\u00f3n molt maques i mostren el cor tan gran que tenen els nostres infants de l&#8217;escola.<\/p>\n<p>Esperem que us agradi i pugueu veure la gran il\u00b7lusi\u00f3\u00a0amb la qual\u00a0ho hem fet tots plegats.<\/p>\n<p>Podeu veure tot plegat en aquest enlla\u00e7:\u00a0<a href=\"https:\/\/photos.app.goo.gl\/Hh9zwEaV2y85gb4c6\">https:\/\/photos.app.goo.gl\/Hh9zwEaV2y85gb4c6<\/a><\/p>\n","protected":false},"excerpt":{"rendered":"<p>Aquesta setmana a l&#8217;Escola de Massalcoreig hem celebrat el\u00a0DENIP, Dia Escolar de la\u00a0No-viol\u00e8ncia\u00a0i la Pau. La visita que ens va [&hellip;]<\/p>\n","protected":false},"author":6,"featured_media":4435,"comment_status":"open","ping_status":"closed","sticky":false,"template":"","format":"standard","meta":{"_bbp_topic_count":0,"_bbp_reply_count":0,"_bbp_total_topic_count":0,"_bbp_total_reply_count":0,"_bbp_voice_count":0,"_bbp_anonymous_reply_count":0,"_bbp_topic_count_hidden":0,"_bbp_reply_count_hidden":0,"_bbp_forum_subforum_count":0,"site-sidebar-layout":"default","site-content-layout":"","ast-site-content-layout":"","site-content-style":"default","site-sidebar-style":"default","ast-global-header-display":"","ast-banner-title-visibility":"","ast-main-header-display":"","ast-hfb-above-header-display":"","ast-hfb-below-header-display":"","ast-hfb-mobile-header-display":"","site-post-title":"","ast-breadcrumbs-content":"","ast-featured-img":"","footer-sml-layout":"","theme-transparent-header-meta":"","adv-header-id-meta":"","stick-header-meta":"","header-above-stick-meta":"","header-main-stick-meta":"","header-below-stick-meta":"","astra-migrate-meta-layouts":"default","ast-page-background-enabled":"default","ast-page-background-meta":{"desktop":{"background-color":"var(--ast-global-color-4)","background-image":"","background-repeat":"repeat","background-position":"center center","background-size":"auto","background-attachment":"scroll","background-type":"","background-media":"","overlay-type":"","overlay-color":"","overlay-opacity":"","overlay-gradient":""},"tablet":{"background-color":"","background-image":"","background-repeat":"repeat","background-position":"center center","background-size":"auto","background-attachment":"scroll","background-type":"","background-media":"","overlay-type":"","overlay-color":"","overlay-opacity":"","overlay-gradient":""},"mobile":{"background-color":"","background-image":"","background-repeat":"repeat","background-position":"center center","background-size":"auto","background-attachment":"scroll","background-type":"","background-media":"","overlay-type":"","overlay-color":"","overlay-opacity":"","overlay-gradient":""}},"ast-content-background-meta":{"desktop":{"background-color":"var(--ast-global-color-5)","background-image":"","background-repeat":"repeat","background-position":"center center","background-size":"auto","background-attachment":"scroll","background-type":"","background-media":"","overlay-type":"","overlay-color":"","overlay-opacity":"","overlay-gradient":""},"tablet":{"background-color":"var(--ast-global-color-5)","background-image":"","background-repeat":"repeat","background-position":"center center","background-size":"auto","background-attachment":"scroll","background-type":"","background-media":"","overlay-type":"","overlay-color":"","overlay-opacity":"","overlay-gradient":""},"mobile":{"background-color":"var(--ast-global-color-5)","background-image":"","background-repeat":"repeat","background-position":"center center","background-size":"auto","background-attachment":"scroll","background-type":"","background-media":"","overlay-type":"","overlay-color":"","overlay-opacity":"","overlay-gradient":""}},"footnotes":""},"categories":[1,125,126,127,128,129,130,70,133,134,135],"tags":[],"class_list":["post-4417","post","type-post","status-publish","format-standard","has-post-thumbnail","hentry","category-general","category-1r","category-2n","category-3r","category-4t","category-5e","category-6e","category-escola-massalcoreig","category-i3","category-i4","category-i5"],"post_mailing_queue_ids":[],"_links":{"self":[{"href":"https:\/\/agora.xtec.cat\/zeroliver\/wp-json\/wp\/v2\/posts\/4417","targetHints":{"allow":["GET"]}}],"collection":[{"href":"https:\/\/agora.xtec.cat\/zeroliver\/wp-json\/wp\/v2\/posts"}],"about":[{"href":"https:\/\/agora.xtec.cat\/zeroliver\/wp-json\/wp\/v2\/types\/post"}],"author":[{"embeddable":true,"href":"https:\/\/agora.xtec.cat\/zeroliver\/wp-json\/wp\/v2\/users\/6"}],"replies":[{"embeddable":true,"href":"https:\/\/agora.xtec.cat\/zeroliver\/wp-json\/wp\/v2\/comments?post=4417"}],"version-history":[{"count":3,"href":"https:\/\/agora.xtec.cat\/zeroliver\/wp-json\/wp\/v2\/posts\/4417\/revisions"}],"predecessor-version":[{"id":4438,"href":"https:\/\/agora.xtec.cat\/zeroliver\/wp-json\/wp\/v2\/posts\/4417\/revisions\/4438"}],"wp:featuredmedia":[{"embeddable":true,"href":"https:\/\/agora.xtec.cat\/zeroliver\/wp-json\/wp\/v2\/media\/4435"}],"wp:attachment":[{"href":"https:\/\/agora.xtec.cat\/zeroliver\/wp-json\/wp\/v2\/media?parent=4417"}],"wp:term":[{"taxonomy":"category","embeddable":true,"href":"https:\/\/agora.xtec.cat\/zeroliver\/wp-json\/wp\/v2\/categories?post=4417"},{"taxonomy":"post_tag","embeddable":true,"href":"https:\/\/agora.xtec.cat\/zeroliver\/wp-json\/wp\/v2\/tags?post=4417"}],"curies":[{"name":"wp","href":"https:\/\/api.w.org\/{rel}","templated":true}]}}