{"id":4415,"date":"2021-02-05T15:35:45","date_gmt":"2021-02-05T14:35:45","guid":{"rendered":"http:\/\/agora.xtec.cat\/zeroliver\/?p=4415"},"modified":"2021-02-10T15:10:10","modified_gmt":"2021-02-10T14:10:10","slug":"celebrem-el-dia-escolar-de-la-no-violencia-i-la-pau-a-lescola-arc-dada","status":"publish","type":"post","link":"https:\/\/agora.xtec.cat\/zeroliver\/general\/celebrem-el-dia-escolar-de-la-no-violencia-i-la-pau-a-lescola-arc-dada\/","title":{"rendered":"CELEBREM EL DIA ESCOLAR DE LA NO-VIOL\u00c8NCIA I LA PAU A L&#8217;ESCOLA ARC D&#8217;AD\u00c0"},"content":{"rendered":"<p style=\"text-align: justify;\">El passat dissabte dia 30 de gener era el dia mundial de la No viol\u00e8ncia i la Pau i, a l&#8217;escola de Llardecans hi vam dedicar tota una jornada el dijous 4 de febrer. Aquest any el fil conductor, que ha estat compartit amb la resta d&#8217;escoles de la ZER, ha estat les persones migrants. Les desigualtats socials, les pors, els patiments, i tot el que genera un proc\u00e9s migratori. Hem llegit el llibre &#8220;amic meu&#8221; i a partir d&#8217;aqu\u00ed hem establert debats. Tamb\u00e9 hem fet gimcanes, i un gran mural compartit de ZER. Per acabar la jornada l&#8217;alumnat de 6\u00e8 va llegir un manifest i tots\/es vam enganxar a la tanca de l&#8217;escola desitjos de pau, de solidaritat, d&#8217;empatia. Per finalitzar vam cantar can\u00e7ons que havien treballat pr\u00e8viament amb la J\u00falia, la mestra de m\u00fasica. Ha esdevingut una jornada molt emotiva i on hem remogut petites consci\u00e8ncies que faran de ben segur, grans passos per la humanitat.<\/p>\n<p>&nbsp;<\/p>\n<p><a href=\"https:\/\/agora.xtec.cat\/zeroliver\/wp-content\/uploads\/usu798\/2021\/02\/WhatsApp-Image-2021-02-04-at-14.13.02-1.jpeg\"><img loading=\"lazy\" decoding=\"async\" class=\"alignnone size-large wp-image-4419\" src=\"https:\/\/agora.xtec.cat\/zeroliver\/wp-content\/uploads\/usu798\/2021\/02\/WhatsApp-Image-2021-02-04-at-14.13.02-1-1024x768.jpeg\" alt=\"\" width=\"1024\" height=\"768\" srcset=\"https:\/\/agora.xtec.cat\/zeroliver\/wp-content\/uploads\/usu798\/2021\/02\/WhatsApp-Image-2021-02-04-at-14.13.02-1-1024x768.jpeg 1024w, https:\/\/agora.xtec.cat\/zeroliver\/wp-content\/uploads\/usu798\/2021\/02\/WhatsApp-Image-2021-02-04-at-14.13.02-1-300x225.jpeg 300w, https:\/\/agora.xtec.cat\/zeroliver\/wp-content\/uploads\/usu798\/2021\/02\/WhatsApp-Image-2021-02-04-at-14.13.02-1-768x576.jpeg 768w, https:\/\/agora.xtec.cat\/zeroliver\/wp-content\/uploads\/usu798\/2021\/02\/WhatsApp-Image-2021-02-04-at-14.13.02-1-200x150.jpeg 200w, https:\/\/agora.xtec.cat\/zeroliver\/wp-content\/uploads\/usu798\/2021\/02\/WhatsApp-Image-2021-02-04-at-14.13.02-1.jpeg 1600w\" sizes=\"auto, (max-width: 1024px) 100vw, 1024px\" \/><\/a><\/p>\n<p><a href=\"https:\/\/photos.app.goo.gl\/NgQqK4QkwrgbbWoq5\">Clica a sobre per veure les fotos<\/a><\/p>\n","protected":false},"excerpt":{"rendered":"<p>El passat dissabte dia 30 de gener era el dia mundial de la No viol\u00e8ncia i la Pau i, a [&hellip;]<\/p>\n","protected":false},"author":4,"featured_media":4419,"comment_status":"open","ping_status":"closed","sticky":false,"template":"","format":"standard","meta":{"_bbp_topic_count":0,"_bbp_reply_count":0,"_bbp_total_topic_count":0,"_bbp_total_reply_count":0,"_bbp_voice_count":0,"_bbp_anonymous_reply_count":0,"_bbp_topic_count_hidden":0,"_bbp_reply_count_hidden":0,"_bbp_forum_subforum_count":0,"site-sidebar-layout":"default","site-content-layout":"","ast-site-content-layout":"","site-content-style":"default","site-sidebar-style":"default","ast-global-header-display":"","ast-banner-title-visibility":"","ast-main-header-display":"","ast-hfb-above-header-display":"","ast-hfb-below-header-display":"","ast-hfb-mobile-header-display":"","site-post-title":"","ast-breadcrumbs-content":"","ast-featured-img":"","footer-sml-layout":"","theme-transparent-header-meta":"","adv-header-id-meta":"","stick-header-meta":"","header-above-stick-meta":"","header-main-stick-meta":"","header-below-stick-meta":"","astra-migrate-meta-layouts":"default","ast-page-background-enabled":"default","ast-page-background-meta":{"desktop":{"background-color":"var(--ast-global-color-4)","background-image":"","background-repeat":"repeat","background-position":"center center","background-size":"auto","background-attachment":"scroll","background-type":"","background-media":"","overlay-type":"","overlay-color":"","overlay-opacity":"","overlay-gradient":""},"tablet":{"background-color":"","background-image":"","background-repeat":"repeat","background-position":"center center","background-size":"auto","background-attachment":"scroll","background-type":"","background-media":"","overlay-type":"","overlay-color":"","overlay-opacity":"","overlay-gradient":""},"mobile":{"background-color":"","background-image":"","background-repeat":"repeat","background-position":"center center","background-size":"auto","background-attachment":"scroll","background-type":"","background-media":"","overlay-type":"","overlay-color":"","overlay-opacity":"","overlay-gradient":""}},"ast-content-background-meta":{"desktop":{"background-color":"var(--ast-global-color-5)","background-image":"","background-repeat":"repeat","background-position":"center center","background-size":"auto","background-attachment":"scroll","background-type":"","background-media":"","overlay-type":"","overlay-color":"","overlay-opacity":"","overlay-gradient":""},"tablet":{"background-color":"var(--ast-global-color-5)","background-image":"","background-repeat":"repeat","background-position":"center center","background-size":"auto","background-attachment":"scroll","background-type":"","background-media":"","overlay-type":"","overlay-color":"","overlay-opacity":"","overlay-gradient":""},"mobile":{"background-color":"var(--ast-global-color-5)","background-image":"","background-repeat":"repeat","background-position":"center center","background-size":"auto","background-attachment":"scroll","background-type":"","background-media":"","overlay-type":"","overlay-color":"","overlay-opacity":"","overlay-gradient":""}},"footnotes":""},"categories":[1,125,126,127,128,129,130,68,96,133,134,135],"tags":[],"class_list":["post-4415","post","type-post","status-publish","format-standard","has-post-thumbnail","hentry","category-general","category-1r","category-2n","category-3r","category-4t","category-5e","category-6e","category-escola-arc-dada","category-festes","category-i3","category-i4","category-i5"],"post_mailing_queue_ids":[],"_links":{"self":[{"href":"https:\/\/agora.xtec.cat\/zeroliver\/wp-json\/wp\/v2\/posts\/4415","targetHints":{"allow":["GET"]}}],"collection":[{"href":"https:\/\/agora.xtec.cat\/zeroliver\/wp-json\/wp\/v2\/posts"}],"about":[{"href":"https:\/\/agora.xtec.cat\/zeroliver\/wp-json\/wp\/v2\/types\/post"}],"author":[{"embeddable":true,"href":"https:\/\/agora.xtec.cat\/zeroliver\/wp-json\/wp\/v2\/users\/4"}],"replies":[{"embeddable":true,"href":"https:\/\/agora.xtec.cat\/zeroliver\/wp-json\/wp\/v2\/comments?post=4415"}],"version-history":[{"count":3,"href":"https:\/\/agora.xtec.cat\/zeroliver\/wp-json\/wp\/v2\/posts\/4415\/revisions"}],"predecessor-version":[{"id":4426,"href":"https:\/\/agora.xtec.cat\/zeroliver\/wp-json\/wp\/v2\/posts\/4415\/revisions\/4426"}],"wp:featuredmedia":[{"embeddable":true,"href":"https:\/\/agora.xtec.cat\/zeroliver\/wp-json\/wp\/v2\/media\/4419"}],"wp:attachment":[{"href":"https:\/\/agora.xtec.cat\/zeroliver\/wp-json\/wp\/v2\/media?parent=4415"}],"wp:term":[{"taxonomy":"category","embeddable":true,"href":"https:\/\/agora.xtec.cat\/zeroliver\/wp-json\/wp\/v2\/categories?post=4415"},{"taxonomy":"post_tag","embeddable":true,"href":"https:\/\/agora.xtec.cat\/zeroliver\/wp-json\/wp\/v2\/tags?post=4415"}],"curies":[{"name":"wp","href":"https:\/\/api.w.org\/{rel}","templated":true}]}}