{"id":2796,"date":"2020-02-16T17:24:37","date_gmt":"2020-02-16T16:24:37","guid":{"rendered":"http:\/\/agora.xtec.cat\/zeroliver\/?p=2796"},"modified":"2020-02-16T17:24:37","modified_gmt":"2020-02-16T16:24:37","slug":"el-claustre-de-la-zer-loliver-aposta-pel-canvi-i-la-innovacio","status":"publish","type":"post","link":"https:\/\/agora.xtec.cat\/zeroliver\/general\/el-claustre-de-la-zer-loliver-aposta-pel-canvi-i-la-innovacio\/","title":{"rendered":"El claustre de la ZER L&#8217;Oliver aposta pel canvi i la innovaci\u00f3"},"content":{"rendered":"<p>Ja fa uns cursos que els mestres i les mestres de totes quatre escoles ens formem per a aprendre com acompanyar millor el nostre alumnat, construint millors situacions d&#8217;aprenentatge i introduint noves metodologies en el nostre dia a dia.<\/p>\n<p>El curs 2017-2018 ens vam iniciar en la transformaci\u00f3 metodol\u00f2gica des de l&#8217;\u00e0rea de medi i el curs passat vam comen\u00e7ar a con\u00e8ixer nous centres escolars acompanyats de l&#8217;escola Parc de l&#8217;Aigua de Lleida.<\/p>\n<p>Aquest curs ens atrevim a formar-nos una mica m\u00e9s acompanyats pels mestres i les mestres de l&#8217;escola Doctor Ferran de Corbera d&#8217;Ebre, una escola rural amb caracter\u00edstiques similars a les escoles de la nostra ZER i amb un claustre proper i molt format. Ja hem fet una primera sessi\u00f3 on l&#8217;Alfons i la Montse ens han explicat l&#8217;evoluci\u00f3 de la seva escola, les inquietuds que els van portar a endinsar-se al canvi i el punt actual en qu\u00e8 es troben. En una propera sessi\u00f3 ens explicaran diverses metodologies que utilitzen i finalment acabarem la formaci\u00f3 amb visites al centre.<\/p>\n<figure id=\"attachment_2797\" aria-describedby=\"caption-attachment-2797\" style=\"width: 300px\" class=\"wp-caption aligncenter\"><a href=\"https:\/\/agora.xtec.cat\/zeroliver\/wp-content\/uploads\/usu798\/2020\/02\/WhatsApp-Image-2020-01-29-at-18.33.39.jpeg\"><img loading=\"lazy\" decoding=\"async\" class=\"wp-image-2797 size-medium\" src=\"https:\/\/agora.xtec.cat\/zeroliver\/wp-content\/uploads\/usu798\/2020\/02\/WhatsApp-Image-2020-01-29-at-18.33.39-300x169.jpeg\" alt=\"\" width=\"300\" height=\"169\" srcset=\"https:\/\/agora.xtec.cat\/zeroliver\/wp-content\/uploads\/usu798\/2020\/02\/WhatsApp-Image-2020-01-29-at-18.33.39-300x169.jpeg 300w, https:\/\/agora.xtec.cat\/zeroliver\/wp-content\/uploads\/usu798\/2020\/02\/WhatsApp-Image-2020-01-29-at-18.33.39-768x432.jpeg 768w, https:\/\/agora.xtec.cat\/zeroliver\/wp-content\/uploads\/usu798\/2020\/02\/WhatsApp-Image-2020-01-29-at-18.33.39-1024x576.jpeg 1024w, https:\/\/agora.xtec.cat\/zeroliver\/wp-content\/uploads\/usu798\/2020\/02\/WhatsApp-Image-2020-01-29-at-18.33.39.jpeg 1600w\" sizes=\"auto, (max-width: 300px) 100vw, 300px\" \/><\/a><figcaption id=\"caption-attachment-2797\" class=\"wp-caption-text\">Primera sessi\u00f3 formativa amb la Montse i l&#8217;Alfons de l&#8217;escola Doctor Ferran.<\/figcaption><\/figure>\n","protected":false},"excerpt":{"rendered":"<p>Ja fa uns cursos que els mestres i les mestres de totes quatre escoles ens formem per a aprendre com [&hellip;]<\/p>\n","protected":false},"author":3,"featured_media":1553,"comment_status":"open","ping_status":"closed","sticky":false,"template":"","format":"standard","meta":{"_bbp_topic_count":0,"_bbp_reply_count":0,"_bbp_total_topic_count":0,"_bbp_total_reply_count":0,"_bbp_voice_count":0,"_bbp_anonymous_reply_count":0,"_bbp_topic_count_hidden":0,"_bbp_reply_count_hidden":0,"_bbp_forum_subforum_count":0,"site-sidebar-layout":"default","site-content-layout":"","ast-site-content-layout":"","site-content-style":"default","site-sidebar-style":"default","ast-global-header-display":"","ast-banner-title-visibility":"","ast-main-header-display":"","ast-hfb-above-header-display":"","ast-hfb-below-header-display":"","ast-hfb-mobile-header-display":"","site-post-title":"","ast-breadcrumbs-content":"","ast-featured-img":"","footer-sml-layout":"","theme-transparent-header-meta":"","adv-header-id-meta":"","stick-header-meta":"","header-above-stick-meta":"","header-main-stick-meta":"","header-below-stick-meta":"","astra-migrate-meta-layouts":"default","ast-page-background-enabled":"default","ast-page-background-meta":{"desktop":{"background-color":"var(--ast-global-color-4)","background-image":"","background-repeat":"repeat","background-position":"center center","background-size":"auto","background-attachment":"scroll","background-type":"","background-media":"","overlay-type":"","overlay-color":"","overlay-opacity":"","overlay-gradient":""},"tablet":{"background-color":"","background-image":"","background-repeat":"repeat","background-position":"center center","background-size":"auto","background-attachment":"scroll","background-type":"","background-media":"","overlay-type":"","overlay-color":"","overlay-opacity":"","overlay-gradient":""},"mobile":{"background-color":"","background-image":"","background-repeat":"repeat","background-position":"center center","background-size":"auto","background-attachment":"scroll","background-type":"","background-media":"","overlay-type":"","overlay-color":"","overlay-opacity":"","overlay-gradient":""}},"ast-content-background-meta":{"desktop":{"background-color":"var(--ast-global-color-5)","background-image":"","background-repeat":"repeat","background-position":"center center","background-size":"auto","background-attachment":"scroll","background-type":"","background-media":"","overlay-type":"","overlay-color":"","overlay-opacity":"","overlay-gradient":""},"tablet":{"background-color":"var(--ast-global-color-5)","background-image":"","background-repeat":"repeat","background-position":"center center","background-size":"auto","background-attachment":"scroll","background-type":"","background-media":"","overlay-type":"","overlay-color":"","overlay-opacity":"","overlay-gradient":""},"mobile":{"background-color":"var(--ast-global-color-5)","background-image":"","background-repeat":"repeat","background-position":"center center","background-size":"auto","background-attachment":"scroll","background-type":"","background-media":"","overlay-type":"","overlay-color":"","overlay-opacity":"","overlay-gradient":""}},"footnotes":""},"categories":[1,29,68,70,92,59,162],"tags":[],"class_list":["post-2796","post","type-post","status-publish","format-standard","has-post-thumbnail","hentry","category-general","category-portada","category-escola-arc-dada","category-escola-massalcoreig","category-escola-otogesa","category-sant-jaume","category-zer"],"post_mailing_queue_ids":[],"_links":{"self":[{"href":"https:\/\/agora.xtec.cat\/zeroliver\/wp-json\/wp\/v2\/posts\/2796","targetHints":{"allow":["GET"]}}],"collection":[{"href":"https:\/\/agora.xtec.cat\/zeroliver\/wp-json\/wp\/v2\/posts"}],"about":[{"href":"https:\/\/agora.xtec.cat\/zeroliver\/wp-json\/wp\/v2\/types\/post"}],"author":[{"embeddable":true,"href":"https:\/\/agora.xtec.cat\/zeroliver\/wp-json\/wp\/v2\/users\/3"}],"replies":[{"embeddable":true,"href":"https:\/\/agora.xtec.cat\/zeroliver\/wp-json\/wp\/v2\/comments?post=2796"}],"version-history":[{"count":3,"href":"https:\/\/agora.xtec.cat\/zeroliver\/wp-json\/wp\/v2\/posts\/2796\/revisions"}],"predecessor-version":[{"id":2807,"href":"https:\/\/agora.xtec.cat\/zeroliver\/wp-json\/wp\/v2\/posts\/2796\/revisions\/2807"}],"wp:featuredmedia":[{"embeddable":true,"href":"https:\/\/agora.xtec.cat\/zeroliver\/wp-json\/wp\/v2\/media\/1553"}],"wp:attachment":[{"href":"https:\/\/agora.xtec.cat\/zeroliver\/wp-json\/wp\/v2\/media?parent=2796"}],"wp:term":[{"taxonomy":"category","embeddable":true,"href":"https:\/\/agora.xtec.cat\/zeroliver\/wp-json\/wp\/v2\/categories?post=2796"},{"taxonomy":"post_tag","embeddable":true,"href":"https:\/\/agora.xtec.cat\/zeroliver\/wp-json\/wp\/v2\/tags?post=2796"}],"curies":[{"name":"wp","href":"https:\/\/api.w.org\/{rel}","templated":true}]}}