{"id":2680,"date":"2020-01-30T19:51:15","date_gmt":"2020-01-30T18:51:15","guid":{"rendered":"http:\/\/agora.xtec.cat\/zeroliver\/?p=2680"},"modified":"2020-02-14T19:00:27","modified_gmt":"2020-02-14T18:00:27","slug":"creem-el-nostre-instrument-la-granja-descarp","status":"publish","type":"post","link":"https:\/\/agora.xtec.cat\/zeroliver\/general\/creem-el-nostre-instrument-la-granja-descarp\/","title":{"rendered":"Creem el nostre instrument! \u2013 La Granja d&#8217;Escarp"},"content":{"rendered":"<p>Aquests darrers dies, els nens i nenes de Cicle Mitj\u00e0 hem estat treballant les fam\u00edlies d&#8217;instruments durant les classes de m\u00fasica.<\/p>\n<p>Un cop descoberts tots els misteris, era hora de passar a l&#8217;acci\u00f3 i ser nosaltres els protagonistes! Aix\u00ed que cada infant ha creat el seu propi instrument!\u00a0Abans per\u00f2, tots plegats vam construir una r\u00fabrica, que despr\u00e9s utilitzar\u00edem per coavaluar-nos.<\/p>\n<p>M\u00e9s tard, vam exposar les nostres creacions a la resta de la classe.<\/p>\n<p>Per \u00faltim, avui hem preparat una s\u00faper exposici\u00f3 d&#8217;instruments, on hem mostrat a tota l&#8217;escola la nostra feina d&#8217;aquests darrers dies. Per fer-ho, primer hem hagut de crear les normes per als visitants de l&#8217;exposici\u00f3, preparar-ne el recorregut, escollint com organitz\u00e0vem les taules i com col\u00b7loc\u00e0vem els instruments i avisar a tota l&#8217;escola de l&#8217;exposici\u00f3 que est\u00e0vem preparant.<\/p>\n<p>I ha sigut tot un \u00e8xit!<\/p>\n<p>Com, que no us ho creieu? Doncs aqu\u00ed en teniu la prova!<\/p>\n<p><a href=\"https:\/\/photos.app.goo.gl\/BRu1xmR9TLRBrYhL9\"><img loading=\"lazy\" decoding=\"async\" class=\"size-full wp-image-2681 aligncenter\" src=\"https:\/\/agora.xtec.cat\/zeroliver\/wp-content\/uploads\/usu798\/2020\/01\/IMG_20200130_110902.jpg\" alt=\"\" width=\"4000\" height=\"2250\" srcset=\"https:\/\/agora.xtec.cat\/zeroliver\/wp-content\/uploads\/usu798\/2020\/01\/IMG_20200130_110902.jpg 4000w, https:\/\/agora.xtec.cat\/zeroliver\/wp-content\/uploads\/usu798\/2020\/01\/IMG_20200130_110902-300x169.jpg 300w, https:\/\/agora.xtec.cat\/zeroliver\/wp-content\/uploads\/usu798\/2020\/01\/IMG_20200130_110902-768x432.jpg 768w, https:\/\/agora.xtec.cat\/zeroliver\/wp-content\/uploads\/usu798\/2020\/01\/IMG_20200130_110902-1024x576.jpg 1024w\" sizes=\"auto, (max-width: 4000px) 100vw, 4000px\" \/><\/a><\/p>\n","protected":false},"excerpt":{"rendered":"<p>Aquests darrers dies, els nens i nenes de Cicle Mitj\u00e0 hem estat treballant les fam\u00edlies d&#8217;instruments durant les classes de [&hellip;]<\/p>\n","protected":false},"author":1,"featured_media":1553,"comment_status":"open","ping_status":"closed","sticky":false,"template":"","format":"standard","meta":{"_bbp_topic_count":0,"_bbp_reply_count":0,"_bbp_total_topic_count":0,"_bbp_total_reply_count":0,"_bbp_voice_count":0,"_bbp_anonymous_reply_count":0,"_bbp_topic_count_hidden":0,"_bbp_reply_count_hidden":0,"_bbp_forum_subforum_count":0,"site-sidebar-layout":"default","site-content-layout":"","ast-site-content-layout":"","site-content-style":"default","site-sidebar-style":"default","ast-global-header-display":"","ast-banner-title-visibility":"","ast-main-header-display":"","ast-hfb-above-header-display":"","ast-hfb-below-header-display":"","ast-hfb-mobile-header-display":"","site-post-title":"","ast-breadcrumbs-content":"","ast-featured-img":"","footer-sml-layout":"","theme-transparent-header-meta":"","adv-header-id-meta":"","stick-header-meta":"","header-above-stick-meta":"","header-main-stick-meta":"","header-below-stick-meta":"","astra-migrate-meta-layouts":"default","ast-page-background-enabled":"default","ast-page-background-meta":{"desktop":{"background-color":"var(--ast-global-color-4)","background-image":"","background-repeat":"repeat","background-position":"center center","background-size":"auto","background-attachment":"scroll","background-type":"","background-media":"","overlay-type":"","overlay-color":"","overlay-opacity":"","overlay-gradient":""},"tablet":{"background-color":"","background-image":"","background-repeat":"repeat","background-position":"center center","background-size":"auto","background-attachment":"scroll","background-type":"","background-media":"","overlay-type":"","overlay-color":"","overlay-opacity":"","overlay-gradient":""},"mobile":{"background-color":"","background-image":"","background-repeat":"repeat","background-position":"center center","background-size":"auto","background-attachment":"scroll","background-type":"","background-media":"","overlay-type":"","overlay-color":"","overlay-opacity":"","overlay-gradient":""}},"ast-content-background-meta":{"desktop":{"background-color":"var(--ast-global-color-5)","background-image":"","background-repeat":"repeat","background-position":"center center","background-size":"auto","background-attachment":"scroll","background-type":"","background-media":"","overlay-type":"","overlay-color":"","overlay-opacity":"","overlay-gradient":""},"tablet":{"background-color":"var(--ast-global-color-5)","background-image":"","background-repeat":"repeat","background-position":"center center","background-size":"auto","background-attachment":"scroll","background-type":"","background-media":"","overlay-type":"","overlay-color":"","overlay-opacity":"","overlay-gradient":""},"mobile":{"background-color":"var(--ast-global-color-5)","background-image":"","background-repeat":"repeat","background-position":"center center","background-size":"auto","background-attachment":"scroll","background-type":"","background-media":"","overlay-type":"","overlay-color":"","overlay-opacity":"","overlay-gradient":""}},"footnotes":""},"categories":[1,127,128,59,100],"tags":[],"class_list":["post-2680","post","type-post","status-publish","format-standard","has-post-thumbnail","hentry","category-general","category-3r","category-4t","category-sant-jaume","category-musica"],"post_mailing_queue_ids":[],"_links":{"self":[{"href":"https:\/\/agora.xtec.cat\/zeroliver\/wp-json\/wp\/v2\/posts\/2680","targetHints":{"allow":["GET"]}}],"collection":[{"href":"https:\/\/agora.xtec.cat\/zeroliver\/wp-json\/wp\/v2\/posts"}],"about":[{"href":"https:\/\/agora.xtec.cat\/zeroliver\/wp-json\/wp\/v2\/types\/post"}],"author":[{"embeddable":true,"href":"https:\/\/agora.xtec.cat\/zeroliver\/wp-json\/wp\/v2\/users\/1"}],"replies":[{"embeddable":true,"href":"https:\/\/agora.xtec.cat\/zeroliver\/wp-json\/wp\/v2\/comments?post=2680"}],"version-history":[{"count":1,"href":"https:\/\/agora.xtec.cat\/zeroliver\/wp-json\/wp\/v2\/posts\/2680\/revisions"}],"predecessor-version":[{"id":2682,"href":"https:\/\/agora.xtec.cat\/zeroliver\/wp-json\/wp\/v2\/posts\/2680\/revisions\/2682"}],"wp:featuredmedia":[{"embeddable":true,"href":"https:\/\/agora.xtec.cat\/zeroliver\/wp-json\/wp\/v2\/media\/1553"}],"wp:attachment":[{"href":"https:\/\/agora.xtec.cat\/zeroliver\/wp-json\/wp\/v2\/media?parent=2680"}],"wp:term":[{"taxonomy":"category","embeddable":true,"href":"https:\/\/agora.xtec.cat\/zeroliver\/wp-json\/wp\/v2\/categories?post=2680"},{"taxonomy":"post_tag","embeddable":true,"href":"https:\/\/agora.xtec.cat\/zeroliver\/wp-json\/wp\/v2\/tags?post=2680"}],"curies":[{"name":"wp","href":"https:\/\/api.w.org\/{rel}","templated":true}]}}