{"id":2543,"date":"2019-12-13T08:04:18","date_gmt":"2019-12-13T07:04:18","guid":{"rendered":"http:\/\/agora.xtec.cat\/zeroliver\/?p=2543"},"modified":"2020-01-14T17:53:36","modified_gmt":"2020-01-14T16:53:36","slug":"creem-una-rubrica-preparem-les-exposicions-dinstruments-a-cicle-mitja","status":"publish","type":"post","link":"https:\/\/agora.xtec.cat\/zeroliver\/general\/creem-una-rubrica-preparem-les-exposicions-dinstruments-a-cicle-mitja\/","title":{"rendered":"Creem una r\u00fabrica: Preparem les exposicions d\u2019instruments a Cicle Mitj\u00e0!"},"content":{"rendered":"<p>Aquesta setmana amb els nens i nenes de Cicle Mitj\u00e0 hem estat preparant una r\u00fabrica!<\/p>\n<p>Com, que no sabeu qu\u00e8 \u00e9s una r\u00fabrica? Doncs \u00e9s molt f\u00e0cil! Una r\u00fabrica \u00e9s una graella que ens ajudar\u00e0 a tots i totes a avaluar (no nom\u00e9s a nosaltres mateixos, sin\u00f3 tamb\u00e9 als companys i companyes). Per preparar-la, hem debatut sobre com havia de ser una presentaci\u00f3 perfecta, i a partir d\u2019aqu\u00ed, hem anat creant la taula.<\/p>\n<p>I aquest n\u2019ha sigut el resultat:<a href=\"https:\/\/agora.xtec.cat\/zeroliver\/wp-content\/uploads\/usu798\/2019\/12\/R\u00daBRICA-INSTRUMENT.pdf\"><img loading=\"lazy\" decoding=\"async\" class=\"size-full wp-image-2544 aligncenter\" src=\"https:\/\/agora.xtec.cat\/zeroliver\/wp-content\/uploads\/usu798\/2019\/12\/R\u00fabrica.png\" alt=\"\" width=\"1580\" height=\"1022\" srcset=\"https:\/\/agora.xtec.cat\/zeroliver\/wp-content\/uploads\/usu798\/2019\/12\/R\u00fabrica.png 1580w, https:\/\/agora.xtec.cat\/zeroliver\/wp-content\/uploads\/usu798\/2019\/12\/R\u00fabrica-300x194.png 300w, https:\/\/agora.xtec.cat\/zeroliver\/wp-content\/uploads\/usu798\/2019\/12\/R\u00fabrica-768x497.png 768w, https:\/\/agora.xtec.cat\/zeroliver\/wp-content\/uploads\/usu798\/2019\/12\/R\u00fabrica-1024x662.png 1024w\" sizes=\"auto, (max-width: 1580px) 100vw, 1580px\" \/><\/a><\/p>\n<p>Recordeu que les presentacions seran a partir de la setmana del 13 de gener.<\/p>\n<p>Per si hi ha algun despistat o despistada que hagi perdut la fitxa t\u00e8cnica o vulgui repetir-la, aqu\u00ed us en deixem l\u2019arxiu perqu\u00e8 la pugueu descarregar i imprimir a casa.<\/p>\n<p style=\"text-align: center;\"><a href=\"https:\/\/agora.xtec.cat\/zeroliver\/wp-content\/uploads\/usu798\/2019\/12\/FITXA-T\u00c8CNICA-INSTRUMENT.pdf\">FITXA T\u00c8CNICA INSTRUMENT<\/a><\/p>\n","protected":false},"excerpt":{"rendered":"<p>Aquesta setmana amb els nens i nenes de Cicle Mitj\u00e0 hem estat preparant una r\u00fabrica! Com, que no sabeu qu\u00e8 [&hellip;]<\/p>\n","protected":false},"author":1,"featured_media":2548,"comment_status":"open","ping_status":"closed","sticky":false,"template":"","format":"standard","meta":{"_bbp_topic_count":0,"_bbp_reply_count":0,"_bbp_total_topic_count":0,"_bbp_total_reply_count":0,"_bbp_voice_count":0,"_bbp_anonymous_reply_count":0,"_bbp_topic_count_hidden":0,"_bbp_reply_count_hidden":0,"_bbp_forum_subforum_count":0,"site-sidebar-layout":"default","site-content-layout":"","ast-site-content-layout":"","site-content-style":"default","site-sidebar-style":"default","ast-global-header-display":"","ast-banner-title-visibility":"","ast-main-header-display":"","ast-hfb-above-header-display":"","ast-hfb-below-header-display":"","ast-hfb-mobile-header-display":"","site-post-title":"","ast-breadcrumbs-content":"","ast-featured-img":"","footer-sml-layout":"","theme-transparent-header-meta":"","adv-header-id-meta":"","stick-header-meta":"","header-above-stick-meta":"","header-main-stick-meta":"","header-below-stick-meta":"","astra-migrate-meta-layouts":"default","ast-page-background-enabled":"default","ast-page-background-meta":{"desktop":{"background-color":"var(--ast-global-color-4)","background-image":"","background-repeat":"repeat","background-position":"center center","background-size":"auto","background-attachment":"scroll","background-type":"","background-media":"","overlay-type":"","overlay-color":"","overlay-opacity":"","overlay-gradient":""},"tablet":{"background-color":"","background-image":"","background-repeat":"repeat","background-position":"center center","background-size":"auto","background-attachment":"scroll","background-type":"","background-media":"","overlay-type":"","overlay-color":"","overlay-opacity":"","overlay-gradient":""},"mobile":{"background-color":"","background-image":"","background-repeat":"repeat","background-position":"center center","background-size":"auto","background-attachment":"scroll","background-type":"","background-media":"","overlay-type":"","overlay-color":"","overlay-opacity":"","overlay-gradient":""}},"ast-content-background-meta":{"desktop":{"background-color":"var(--ast-global-color-5)","background-image":"","background-repeat":"repeat","background-position":"center center","background-size":"auto","background-attachment":"scroll","background-type":"","background-media":"","overlay-type":"","overlay-color":"","overlay-opacity":"","overlay-gradient":""},"tablet":{"background-color":"var(--ast-global-color-5)","background-image":"","background-repeat":"repeat","background-position":"center center","background-size":"auto","background-attachment":"scroll","background-type":"","background-media":"","overlay-type":"","overlay-color":"","overlay-opacity":"","overlay-gradient":""},"mobile":{"background-color":"var(--ast-global-color-5)","background-image":"","background-repeat":"repeat","background-position":"center center","background-size":"auto","background-attachment":"scroll","background-type":"","background-media":"","overlay-type":"","overlay-color":"","overlay-opacity":"","overlay-gradient":""}},"footnotes":""},"categories":[1,127,128,92,59,100],"tags":[],"class_list":["post-2543","post","type-post","status-publish","format-standard","has-post-thumbnail","hentry","category-general","category-3r","category-4t","category-escola-otogesa","category-sant-jaume","category-musica"],"post_mailing_queue_ids":[],"_links":{"self":[{"href":"https:\/\/agora.xtec.cat\/zeroliver\/wp-json\/wp\/v2\/posts\/2543","targetHints":{"allow":["GET"]}}],"collection":[{"href":"https:\/\/agora.xtec.cat\/zeroliver\/wp-json\/wp\/v2\/posts"}],"about":[{"href":"https:\/\/agora.xtec.cat\/zeroliver\/wp-json\/wp\/v2\/types\/post"}],"author":[{"embeddable":true,"href":"https:\/\/agora.xtec.cat\/zeroliver\/wp-json\/wp\/v2\/users\/1"}],"replies":[{"embeddable":true,"href":"https:\/\/agora.xtec.cat\/zeroliver\/wp-json\/wp\/v2\/comments?post=2543"}],"version-history":[{"count":1,"href":"https:\/\/agora.xtec.cat\/zeroliver\/wp-json\/wp\/v2\/posts\/2543\/revisions"}],"predecessor-version":[{"id":2547,"href":"https:\/\/agora.xtec.cat\/zeroliver\/wp-json\/wp\/v2\/posts\/2543\/revisions\/2547"}],"wp:featuredmedia":[{"embeddable":true,"href":"https:\/\/agora.xtec.cat\/zeroliver\/wp-json\/wp\/v2\/media\/2548"}],"wp:attachment":[{"href":"https:\/\/agora.xtec.cat\/zeroliver\/wp-json\/wp\/v2\/media?parent=2543"}],"wp:term":[{"taxonomy":"category","embeddable":true,"href":"https:\/\/agora.xtec.cat\/zeroliver\/wp-json\/wp\/v2\/categories?post=2543"},{"taxonomy":"post_tag","embeddable":true,"href":"https:\/\/agora.xtec.cat\/zeroliver\/wp-json\/wp\/v2\/tags?post=2543"}],"curies":[{"name":"wp","href":"https:\/\/api.w.org\/{rel}","templated":true}]}}