{"id":2344,"date":"2019-11-20T20:02:27","date_gmt":"2019-11-20T19:02:27","guid":{"rendered":"http:\/\/agora.xtec.cat\/zeroliver\/?p=2344"},"modified":"2020-01-29T21:57:50","modified_gmt":"2020-01-29T20:57:50","slug":"celebrem-el-30e-aniversari-de-la-convencio-dels-drets-dels-infants","status":"publish","type":"post","link":"https:\/\/agora.xtec.cat\/zeroliver\/general\/celebrem-el-30e-aniversari-de-la-convencio-dels-drets-dels-infants\/","title":{"rendered":"Celebrem el 30\u00e8 aniversari de la convenci\u00f3 dels drets dels infants"},"content":{"rendered":"<p>Avui tot l&#8217;alumnat de l&#8217;escola de Llardecans hem celebrat el 30\u00e8 aniversari de la convenci\u00f3 dels drets dels infants mitjan\u00e7ant activitats relacionades amb el tema. Hem acabat la diada creant un mural conjunt amb mans expressant la no vulneraci\u00f3 dels drets.<\/p>\n<p>&nbsp;<\/p>\n<p><a href=\"https:\/\/agora.xtec.cat\/zeroliver\/wp-content\/uploads\/usu798\/2019\/11\/20191120_123556_opt.jpg\"><img loading=\"lazy\" decoding=\"async\" class=\"size-full wp-image-2345 aligncenter\" src=\"https:\/\/agora.xtec.cat\/zeroliver\/wp-content\/uploads\/usu798\/2019\/11\/20191120_123556_opt.jpg\" alt=\"\" width=\"400\" height=\"300\" srcset=\"https:\/\/agora.xtec.cat\/zeroliver\/wp-content\/uploads\/usu798\/2019\/11\/20191120_123556_opt.jpg 400w, https:\/\/agora.xtec.cat\/zeroliver\/wp-content\/uploads\/usu798\/2019\/11\/20191120_123556_opt-300x225.jpg 300w, https:\/\/agora.xtec.cat\/zeroliver\/wp-content\/uploads\/usu798\/2019\/11\/20191120_123556_opt-200x150.jpg 200w\" sizes=\"auto, (max-width: 400px) 100vw, 400px\" \/><\/a><\/p>\n<p><a href=\"https:\/\/agora.xtec.cat\/zeroliver\/wp-content\/uploads\/usu798\/2019\/11\/20191120_125158_opt.jpg\"><img loading=\"lazy\" decoding=\"async\" class=\"size-large wp-image-2346 aligncenter\" src=\"https:\/\/agora.xtec.cat\/zeroliver\/wp-content\/uploads\/usu798\/2019\/11\/20191120_125158_opt.jpg\" alt=\"\" width=\"400\" height=\"300\" srcset=\"https:\/\/agora.xtec.cat\/zeroliver\/wp-content\/uploads\/usu798\/2019\/11\/20191120_125158_opt.jpg 400w, https:\/\/agora.xtec.cat\/zeroliver\/wp-content\/uploads\/usu798\/2019\/11\/20191120_125158_opt-300x225.jpg 300w, https:\/\/agora.xtec.cat\/zeroliver\/wp-content\/uploads\/usu798\/2019\/11\/20191120_125158_opt-200x150.jpg 200w\" sizes=\"auto, (max-width: 400px) 100vw, 400px\" \/><\/a><\/p>\n<p><a href=\"https:\/\/agora.xtec.cat\/zeroliver\/wp-content\/uploads\/usu798\/2019\/11\/20191120_130939_opt.jpg\"><img loading=\"lazy\" decoding=\"async\" class=\"size-large wp-image-2347 aligncenter\" src=\"https:\/\/agora.xtec.cat\/zeroliver\/wp-content\/uploads\/usu798\/2019\/11\/20191120_130939_opt.jpg\" alt=\"\" width=\"400\" height=\"300\" srcset=\"https:\/\/agora.xtec.cat\/zeroliver\/wp-content\/uploads\/usu798\/2019\/11\/20191120_130939_opt.jpg 400w, https:\/\/agora.xtec.cat\/zeroliver\/wp-content\/uploads\/usu798\/2019\/11\/20191120_130939_opt-300x225.jpg 300w, https:\/\/agora.xtec.cat\/zeroliver\/wp-content\/uploads\/usu798\/2019\/11\/20191120_130939_opt-200x150.jpg 200w\" sizes=\"auto, (max-width: 400px) 100vw, 400px\" \/><\/a><\/p>\n<p>&nbsp;<\/p>\n<p><img loading=\"lazy\" decoding=\"async\" class=\"alignnone wp-image-2350 size-full\" src=\"https:\/\/agora.xtec.cat\/zeroliver\/wp-content\/uploads\/usu798\/2019\/11\/WhatsApp-Image-2019-11-20-at-20.00.12-e1574276633409.jpeg\" alt=\"\" width=\"1786\" height=\"1536\" srcset=\"https:\/\/agora.xtec.cat\/zeroliver\/wp-content\/uploads\/usu798\/2019\/11\/WhatsApp-Image-2019-11-20-at-20.00.12-e1574276633409.jpeg 1786w, https:\/\/agora.xtec.cat\/zeroliver\/wp-content\/uploads\/usu798\/2019\/11\/WhatsApp-Image-2019-11-20-at-20.00.12-e1574276633409-300x258.jpeg 300w, https:\/\/agora.xtec.cat\/zeroliver\/wp-content\/uploads\/usu798\/2019\/11\/WhatsApp-Image-2019-11-20-at-20.00.12-e1574276633409-768x660.jpeg 768w, https:\/\/agora.xtec.cat\/zeroliver\/wp-content\/uploads\/usu798\/2019\/11\/WhatsApp-Image-2019-11-20-at-20.00.12-e1574276633409-1024x881.jpeg 1024w\" sizes=\"auto, (max-width: 1786px) 100vw, 1786px\" \/><\/p>\n<p>&nbsp;<\/p>\n","protected":false},"excerpt":{"rendered":"<p>Avui tot l&#8217;alumnat de l&#8217;escola de Llardecans hem celebrat el 30\u00e8 aniversari de la convenci\u00f3 dels drets dels infants mitjan\u00e7ant [&hellip;]<\/p>\n","protected":false},"author":4,"featured_media":2350,"comment_status":"open","ping_status":"closed","sticky":false,"template":"","format":"standard","meta":{"_bbp_topic_count":0,"_bbp_reply_count":0,"_bbp_total_topic_count":0,"_bbp_total_reply_count":0,"_bbp_voice_count":0,"_bbp_anonymous_reply_count":0,"_bbp_topic_count_hidden":0,"_bbp_reply_count_hidden":0,"_bbp_forum_subforum_count":0,"site-sidebar-layout":"default","site-content-layout":"","ast-site-content-layout":"","site-content-style":"default","site-sidebar-style":"default","ast-global-header-display":"","ast-banner-title-visibility":"","ast-main-header-display":"","ast-hfb-above-header-display":"","ast-hfb-below-header-display":"","ast-hfb-mobile-header-display":"","site-post-title":"","ast-breadcrumbs-content":"","ast-featured-img":"","footer-sml-layout":"","theme-transparent-header-meta":"","adv-header-id-meta":"","stick-header-meta":"","header-above-stick-meta":"","header-main-stick-meta":"","header-below-stick-meta":"","astra-migrate-meta-layouts":"default","ast-page-background-enabled":"default","ast-page-background-meta":{"desktop":{"background-color":"var(--ast-global-color-4)","background-image":"","background-repeat":"repeat","background-position":"center center","background-size":"auto","background-attachment":"scroll","background-type":"","background-media":"","overlay-type":"","overlay-color":"","overlay-opacity":"","overlay-gradient":""},"tablet":{"background-color":"","background-image":"","background-repeat":"repeat","background-position":"center center","background-size":"auto","background-attachment":"scroll","background-type":"","background-media":"","overlay-type":"","overlay-color":"","overlay-opacity":"","overlay-gradient":""},"mobile":{"background-color":"","background-image":"","background-repeat":"repeat","background-position":"center center","background-size":"auto","background-attachment":"scroll","background-type":"","background-media":"","overlay-type":"","overlay-color":"","overlay-opacity":"","overlay-gradient":""}},"ast-content-background-meta":{"desktop":{"background-color":"var(--ast-global-color-5)","background-image":"","background-repeat":"repeat","background-position":"center center","background-size":"auto","background-attachment":"scroll","background-type":"","background-media":"","overlay-type":"","overlay-color":"","overlay-opacity":"","overlay-gradient":""},"tablet":{"background-color":"var(--ast-global-color-5)","background-image":"","background-repeat":"repeat","background-position":"center center","background-size":"auto","background-attachment":"scroll","background-type":"","background-media":"","overlay-type":"","overlay-color":"","overlay-opacity":"","overlay-gradient":""},"mobile":{"background-color":"var(--ast-global-color-5)","background-image":"","background-repeat":"repeat","background-position":"center center","background-size":"auto","background-attachment":"scroll","background-type":"","background-media":"","overlay-type":"","overlay-color":"","overlay-opacity":"","overlay-gradient":""}},"footnotes":""},"categories":[1,125,126,127,128,129,130,68,96,133,134,135],"tags":[146],"class_list":["post-2344","post","type-post","status-publish","format-standard","has-post-thumbnail","hentry","category-general","category-1r","category-2n","category-3r","category-4t","category-5e","category-6e","category-escola-arc-dada","category-festes","category-i3","category-i4","category-i5","tag-drets-dels-infants"],"post_mailing_queue_ids":[],"_links":{"self":[{"href":"https:\/\/agora.xtec.cat\/zeroliver\/wp-json\/wp\/v2\/posts\/2344","targetHints":{"allow":["GET"]}}],"collection":[{"href":"https:\/\/agora.xtec.cat\/zeroliver\/wp-json\/wp\/v2\/posts"}],"about":[{"href":"https:\/\/agora.xtec.cat\/zeroliver\/wp-json\/wp\/v2\/types\/post"}],"author":[{"embeddable":true,"href":"https:\/\/agora.xtec.cat\/zeroliver\/wp-json\/wp\/v2\/users\/4"}],"replies":[{"embeddable":true,"href":"https:\/\/agora.xtec.cat\/zeroliver\/wp-json\/wp\/v2\/comments?post=2344"}],"version-history":[{"count":3,"href":"https:\/\/agora.xtec.cat\/zeroliver\/wp-json\/wp\/v2\/posts\/2344\/revisions"}],"predecessor-version":[{"id":2354,"href":"https:\/\/agora.xtec.cat\/zeroliver\/wp-json\/wp\/v2\/posts\/2344\/revisions\/2354"}],"wp:featuredmedia":[{"embeddable":true,"href":"https:\/\/agora.xtec.cat\/zeroliver\/wp-json\/wp\/v2\/media\/2350"}],"wp:attachment":[{"href":"https:\/\/agora.xtec.cat\/zeroliver\/wp-json\/wp\/v2\/media?parent=2344"}],"wp:term":[{"taxonomy":"category","embeddable":true,"href":"https:\/\/agora.xtec.cat\/zeroliver\/wp-json\/wp\/v2\/categories?post=2344"},{"taxonomy":"post_tag","embeddable":true,"href":"https:\/\/agora.xtec.cat\/zeroliver\/wp-json\/wp\/v2\/tags?post=2344"}],"curies":[{"name":"wp","href":"https:\/\/api.w.org\/{rel}","templated":true}]}}