{"id":1950,"date":"2025-03-12T15:30:24","date_gmt":"2025-03-12T14:30:24","guid":{"rendered":"https:\/\/agora.xtec.cat\/zernarieda\/?p=1950"},"modified":"2025-03-08T11:20:46","modified_gmt":"2025-03-08T10:20:46","slug":"tercer-dia-de-colonies","status":"publish","type":"post","link":"https:\/\/agora.xtec.cat\/zernarieda\/general\/tercer-dia-de-colonies\/","title":{"rendered":"TERCER DIA DE COL\u00d2NIES"},"content":{"rendered":"<p>Avui hem acabat de gaudir de l&#8217;\u00faltim dia de les col\u00f2nies.<\/p>\n<p>L&#8217;alumnat d&#8217;Infantil i de Cicle Inicial hem realitzat una gimcana per la casa i hem apr\u00e9s on viuen, com s\u00f3n, que mengen&#8230;els amics del mar!<\/p>\n<p>L&#8217;alumnat de Cicle Mitj\u00e0 i Superior hem fet activitats per aprendre les arts de la pesca i les seves embarcacions i com funciona un port de pesca.<\/p>\n<p>Han estat una col\u00f2nies plenes d&#8217;aprenentatges i experi\u00e8ncies! Ens ho hem passat d&#8217;all\u00f2 m\u00e9s b\u00e9!<\/p>\n<p>Cliqueu a la seg\u00fcent imatge per veure el recull de fotos de l&#8217;\u00faltim dia.<\/p>\n<p><a href=\"https:\/\/drive.google.com\/drive\/folders\/1fk6YXtCE40Y8LwcUJDu9Vs7f3sWMAe38?usp=sharing\" target=\"_blank\" rel=\"noopener\"><img loading=\"lazy\" decoding=\"async\" class=\"aligncenter wp-image-1951 size-medium\" src=\"https:\/\/agora.xtec.cat\/zernarieda\/wp-content\/uploads\/usu934\/2025\/03\/TBP-Casa-Colonies-Artur-Martorell-3-300x217.jpg\" alt=\"\" width=\"300\" height=\"217\" srcset=\"https:\/\/agora.xtec.cat\/zernarieda\/wp-content\/uploads\/usu934\/2025\/03\/TBP-Casa-Colonies-Artur-Martorell-3-300x217.jpg 300w, https:\/\/agora.xtec.cat\/zernarieda\/wp-content\/uploads\/usu934\/2025\/03\/TBP-Casa-Colonies-Artur-Martorell-3-1024x739.jpg 1024w, https:\/\/agora.xtec.cat\/zernarieda\/wp-content\/uploads\/usu934\/2025\/03\/TBP-Casa-Colonies-Artur-Martorell-3-768x555.jpg 768w, https:\/\/agora.xtec.cat\/zernarieda\/wp-content\/uploads\/usu934\/2025\/03\/TBP-Casa-Colonies-Artur-Martorell-3.jpg 1400w\" sizes=\"auto, (max-width: 300px) 100vw, 300px\" \/><\/a><\/p>\n","protected":false},"excerpt":{"rendered":"<p>Avui hem acabat de gaudir de l&#8217;\u00faltim dia de les col\u00f2nies. L&#8217;alumnat d&#8217;Infantil i de Cicle Inicial hem realitzat una gimcana per la casa i hem apr\u00e9s on viuen, com s\u00f3n, que mengen&#8230;els amics del mar! L&#8217;alumnat de Cicle Mitj\u00e0 i Superior hem fet activitats per aprendre les arts de la pesca i les seves [&hellip;]<\/p>\n","protected":false},"author":1,"featured_media":0,"comment_status":"open","ping_status":"closed","sticky":false,"template":"","format":"standard","meta":{"_bbp_topic_count":0,"_bbp_reply_count":0,"_bbp_total_topic_count":0,"_bbp_total_reply_count":0,"_bbp_voice_count":0,"_bbp_anonymous_reply_count":0,"_bbp_topic_count_hidden":0,"_bbp_reply_count_hidden":0,"_bbp_forum_subforum_count":0,"site-sidebar-layout":"default","site-content-layout":"","ast-site-content-layout":"","site-content-style":"default","site-sidebar-style":"default","ast-global-header-display":"","ast-banner-title-visibility":"","ast-main-header-display":"","ast-hfb-above-header-display":"","ast-hfb-below-header-display":"","ast-hfb-mobile-header-display":"","site-post-title":"","ast-breadcrumbs-content":"","ast-featured-img":"","footer-sml-layout":"","theme-transparent-header-meta":"","adv-header-id-meta":"","stick-header-meta":"","header-above-stick-meta":"","header-main-stick-meta":"","header-below-stick-meta":"","astra-migrate-meta-layouts":"default","ast-page-background-enabled":"default","ast-page-background-meta":{"desktop":{"background-color":"var(--ast-global-color-4)","background-image":"","background-repeat":"repeat","background-position":"center center","background-size":"auto","background-attachment":"scroll","background-type":"","background-media":"","overlay-type":"","overlay-color":"","overlay-opacity":"","overlay-gradient":""},"tablet":{"background-color":"","background-image":"","background-repeat":"repeat","background-position":"center center","background-size":"auto","background-attachment":"scroll","background-type":"","background-media":"","overlay-type":"","overlay-color":"","overlay-opacity":"","overlay-gradient":""},"mobile":{"background-color":"","background-image":"","background-repeat":"repeat","background-position":"center center","background-size":"auto","background-attachment":"scroll","background-type":"","background-media":"","overlay-type":"","overlay-color":"","overlay-opacity":"","overlay-gradient":""}},"ast-content-background-meta":{"desktop":{"background-color":"var(--ast-global-color-5)","background-image":"","background-repeat":"repeat","background-position":"center center","background-size":"auto","background-attachment":"scroll","background-type":"","background-media":"","overlay-type":"","overlay-color":"","overlay-opacity":"","overlay-gradient":""},"tablet":{"background-color":"var(--ast-global-color-5)","background-image":"","background-repeat":"repeat","background-position":"center center","background-size":"auto","background-attachment":"scroll","background-type":"","background-media":"","overlay-type":"","overlay-color":"","overlay-opacity":"","overlay-gradient":""},"mobile":{"background-color":"var(--ast-global-color-5)","background-image":"","background-repeat":"repeat","background-position":"center center","background-size":"auto","background-attachment":"scroll","background-type":"","background-media":"","overlay-type":"","overlay-color":"","overlay-opacity":"","overlay-gradient":""}},"footnotes":""},"categories":[59,68,70,1,29],"tags":[],"class_list":["post-1950","post","type-post","status-publish","format-standard","hentry","category-miret-i-sans","category-sant-climent","category-sant-miquel","category-general","category-portada"],"post_mailing_queue_ids":[],"_links":{"self":[{"href":"https:\/\/agora.xtec.cat\/zernarieda\/wp-json\/wp\/v2\/posts\/1950","targetHints":{"allow":["GET"]}}],"collection":[{"href":"https:\/\/agora.xtec.cat\/zernarieda\/wp-json\/wp\/v2\/posts"}],"about":[{"href":"https:\/\/agora.xtec.cat\/zernarieda\/wp-json\/wp\/v2\/types\/post"}],"author":[{"embeddable":true,"href":"https:\/\/agora.xtec.cat\/zernarieda\/wp-json\/wp\/v2\/users\/1"}],"replies":[{"embeddable":true,"href":"https:\/\/agora.xtec.cat\/zernarieda\/wp-json\/wp\/v2\/comments?post=1950"}],"version-history":[{"count":1,"href":"https:\/\/agora.xtec.cat\/zernarieda\/wp-json\/wp\/v2\/posts\/1950\/revisions"}],"predecessor-version":[{"id":1952,"href":"https:\/\/agora.xtec.cat\/zernarieda\/wp-json\/wp\/v2\/posts\/1950\/revisions\/1952"}],"wp:attachment":[{"href":"https:\/\/agora.xtec.cat\/zernarieda\/wp-json\/wp\/v2\/media?parent=1950"}],"wp:term":[{"taxonomy":"category","embeddable":true,"href":"https:\/\/agora.xtec.cat\/zernarieda\/wp-json\/wp\/v2\/categories?post=1950"},{"taxonomy":"post_tag","embeddable":true,"href":"https:\/\/agora.xtec.cat\/zernarieda\/wp-json\/wp\/v2\/tags?post=1950"}],"curies":[{"name":"wp","href":"https:\/\/api.w.org\/{rel}","templated":true}]}}