{"id":1828,"date":"2024-02-29T11:15:00","date_gmt":"2024-02-29T10:15:00","guid":{"rendered":"https:\/\/agora.xtec.cat\/zernarieda\/?p=1828"},"modified":"2024-04-04T07:08:13","modified_gmt":"2024-04-04T05:08:13","slug":"preinscripcio-educacio-infantil-i-primaria-2024-2025","status":"publish","type":"post","link":"https:\/\/agora.xtec.cat\/zernarieda\/general\/preinscripcio-educacio-infantil-i-primaria-2024-2025\/","title":{"rendered":"Preinscripci\u00f3 Educaci\u00f3 infantil i prim\u00e0ria 2024-2025"},"content":{"rendered":"<h3><span style=\"color: #0000ff;\">Veniu a con\u00e8ixer les escoles de la nostra ZER!<\/span> <span style=\"color: #ff6600;\">Podeu demanar cita trucant al tel\u00e8fon de cada escola!<\/span><\/h3>\n<p><strong><a href=\"https:\/\/agora.xtec.cat\/esc-miretisans\/\">ESCOLA MIRET I SANS<\/a><\/strong><\/p>\n<p><strong><a href=\"https:\/\/agora.xtec.cat\/esc-stcliment-nargo\/\">ESCOLA SANT CLIMENT<\/a><\/strong><\/p>\n<p><a href=\"https:\/\/agora.xtec.cat\/escolasantmiqueldeperamola\/\">ESCOLA SANT MIQUEL<\/a><\/p>\n<p>Presentaci\u00f3 de sol\u00b7licituds d&#8217;educaci\u00f3 infantil (3-6 anys) i prim\u00e0ria (6-12 anys): <strong>del 6 al 20 de mar\u00e7 de 2024<\/strong><\/p>\n<p><img loading=\"lazy\" decoding=\"async\" class=\"aligncenter size-full wp-image-1830\" src=\"https:\/\/agora.xtec.cat\/zernarieda\/wp-content\/uploads\/usu934\/2024\/02\/744x250-100_1.jpg\" alt=\"\" width=\"744\" height=\"251\" srcset=\"https:\/\/agora.xtec.cat\/zernarieda\/wp-content\/uploads\/usu934\/2024\/02\/744x250-100_1.jpg 744w, https:\/\/agora.xtec.cat\/zernarieda\/wp-content\/uploads\/usu934\/2024\/02\/744x250-100_1-300x101.jpg 300w\" sizes=\"auto, (max-width: 744px) 100vw, 744px\" \/><\/p>\n<p>Podeu trobar m\u00e9s informaci\u00f3 al seg\u00fcent enlla\u00e7: <a href=\"https:\/\/preinscripcio.gencat.cat\/ca\/inici\/\">https:\/\/preinscripcio.gencat.cat\/ca\/inici\/<\/a><\/p>\n<p>&nbsp;<\/p>\n","protected":false},"excerpt":{"rendered":"<p>Veniu a con\u00e8ixer les escoles de la nostra ZER! Podeu demanar cita trucant al tel\u00e8fon de cada escola! ESCOLA MIRET I SANS ESCOLA SANT CLIMENT ESCOLA SANT MIQUEL Presentaci\u00f3 de sol\u00b7licituds d&#8217;educaci\u00f3 infantil (3-6 anys) i prim\u00e0ria (6-12 anys): del 6 al 20 de mar\u00e7 de 2024 Podeu trobar m\u00e9s informaci\u00f3 al seg\u00fcent enlla\u00e7: https:\/\/preinscripcio.gencat.cat\/ca\/inici\/ [&hellip;]<\/p>\n","protected":false},"author":1,"featured_media":0,"comment_status":"open","ping_status":"closed","sticky":false,"template":"","format":"standard","meta":{"_bbp_topic_count":0,"_bbp_reply_count":0,"_bbp_total_topic_count":0,"_bbp_total_reply_count":0,"_bbp_voice_count":0,"_bbp_anonymous_reply_count":0,"_bbp_topic_count_hidden":0,"_bbp_reply_count_hidden":0,"_bbp_forum_subforum_count":0,"site-sidebar-layout":"default","site-content-layout":"","ast-site-content-layout":"","site-content-style":"default","site-sidebar-style":"default","ast-global-header-display":"","ast-banner-title-visibility":"","ast-main-header-display":"","ast-hfb-above-header-display":"","ast-hfb-below-header-display":"","ast-hfb-mobile-header-display":"","site-post-title":"","ast-breadcrumbs-content":"","ast-featured-img":"","footer-sml-layout":"","theme-transparent-header-meta":"","adv-header-id-meta":"","stick-header-meta":"","header-above-stick-meta":"","header-main-stick-meta":"","header-below-stick-meta":"","astra-migrate-meta-layouts":"default","ast-page-background-enabled":"default","ast-page-background-meta":{"desktop":{"background-color":"var(--ast-global-color-4)","background-image":"","background-repeat":"repeat","background-position":"center center","background-size":"auto","background-attachment":"scroll","background-type":"","background-media":"","overlay-type":"","overlay-color":"","overlay-opacity":"","overlay-gradient":""},"tablet":{"background-color":"","background-image":"","background-repeat":"repeat","background-position":"center center","background-size":"auto","background-attachment":"scroll","background-type":"","background-media":"","overlay-type":"","overlay-color":"","overlay-opacity":"","overlay-gradient":""},"mobile":{"background-color":"","background-image":"","background-repeat":"repeat","background-position":"center center","background-size":"auto","background-attachment":"scroll","background-type":"","background-media":"","overlay-type":"","overlay-color":"","overlay-opacity":"","overlay-gradient":""}},"ast-content-background-meta":{"desktop":{"background-color":"var(--ast-global-color-5)","background-image":"","background-repeat":"repeat","background-position":"center center","background-size":"auto","background-attachment":"scroll","background-type":"","background-media":"","overlay-type":"","overlay-color":"","overlay-opacity":"","overlay-gradient":""},"tablet":{"background-color":"var(--ast-global-color-5)","background-image":"","background-repeat":"repeat","background-position":"center center","background-size":"auto","background-attachment":"scroll","background-type":"","background-media":"","overlay-type":"","overlay-color":"","overlay-opacity":"","overlay-gradient":""},"mobile":{"background-color":"var(--ast-global-color-5)","background-image":"","background-repeat":"repeat","background-position":"center center","background-size":"auto","background-attachment":"scroll","background-type":"","background-media":"","overlay-type":"","overlay-color":"","overlay-opacity":"","overlay-gradient":""}},"footnotes":""},"categories":[59,68,70,1,29],"tags":[],"class_list":["post-1828","post","type-post","status-publish","format-standard","hentry","category-miret-i-sans","category-sant-climent","category-sant-miquel","category-general","category-portada"],"post_mailing_queue_ids":[],"_links":{"self":[{"href":"https:\/\/agora.xtec.cat\/zernarieda\/wp-json\/wp\/v2\/posts\/1828","targetHints":{"allow":["GET"]}}],"collection":[{"href":"https:\/\/agora.xtec.cat\/zernarieda\/wp-json\/wp\/v2\/posts"}],"about":[{"href":"https:\/\/agora.xtec.cat\/zernarieda\/wp-json\/wp\/v2\/types\/post"}],"author":[{"embeddable":true,"href":"https:\/\/agora.xtec.cat\/zernarieda\/wp-json\/wp\/v2\/users\/1"}],"replies":[{"embeddable":true,"href":"https:\/\/agora.xtec.cat\/zernarieda\/wp-json\/wp\/v2\/comments?post=1828"}],"version-history":[{"count":6,"href":"https:\/\/agora.xtec.cat\/zernarieda\/wp-json\/wp\/v2\/posts\/1828\/revisions"}],"predecessor-version":[{"id":1836,"href":"https:\/\/agora.xtec.cat\/zernarieda\/wp-json\/wp\/v2\/posts\/1828\/revisions\/1836"}],"wp:attachment":[{"href":"https:\/\/agora.xtec.cat\/zernarieda\/wp-json\/wp\/v2\/media?parent=1828"}],"wp:term":[{"taxonomy":"category","embeddable":true,"href":"https:\/\/agora.xtec.cat\/zernarieda\/wp-json\/wp\/v2\/categories?post=1828"},{"taxonomy":"post_tag","embeddable":true,"href":"https:\/\/agora.xtec.cat\/zernarieda\/wp-json\/wp\/v2\/tags?post=1828"}],"curies":[{"name":"wp","href":"https:\/\/api.w.org\/{rel}","templated":true}]}}