{"id":1677,"date":"2022-06-23T14:07:03","date_gmt":"2022-06-23T12:07:03","guid":{"rendered":"https:\/\/agora.xtec.cat\/zernarieda\/?p=1677"},"modified":"2022-06-23T14:08:14","modified_gmt":"2022-06-23T12:08:14","slug":"guanyador-del-dibuix-dagendes-i-premis-narieda","status":"publish","type":"post","link":"https:\/\/agora.xtec.cat\/zernarieda\/general\/guanyador-del-dibuix-dagendes-i-premis-narieda\/","title":{"rendered":"Guanyador del dibuix d&#8217;agendes i premis Narieda"},"content":{"rendered":"<p>&nbsp;<\/p>\n<table style=\"border-collapse: collapse; width: 100%; height: 416px;\">\n<tbody>\n<tr style=\"height: 516px;\">\n<td style=\"width: 50%; height: 416px; text-align: left;\">GUANYADOR DEL III CONCURS DE DIBUIX AGENDES ZER NARIEDA:<\/p>\n<p>&nbsp;<\/p>\n<p><img loading=\"lazy\" decoding=\"async\" class=\"size-medium wp-image-1680 aligncenter\" src=\"https:\/\/agora.xtec.cat\/zernarieda\/wp-content\/uploads\/usu934\/2022\/06\/guanyador-agenda-212x300.jpg\" alt=\"\" width=\"212\" height=\"300\" srcset=\"https:\/\/agora.xtec.cat\/zernarieda\/wp-content\/uploads\/usu934\/2022\/06\/guanyador-agenda-212x300.jpg 212w, https:\/\/agora.xtec.cat\/zernarieda\/wp-content\/uploads\/usu934\/2022\/06\/guanyador-agenda.jpg 435w\" sizes=\"auto, (max-width: 212px) 100vw, 212px\" \/><\/p>\n<p style=\"text-align: center;\"><strong>Marc Boix Codina\u00a0<\/strong><\/p>\n<p>MOLTES FELICITATS, MARC!!!<\/p>\n<p>&nbsp;<\/p>\n<p>&nbsp;<\/p>\n<p>&nbsp;<\/p>\n<p>&nbsp;<\/p>\n<p>&nbsp;<\/p>\n<p>&nbsp;<\/p>\n<p>&nbsp;<\/p>\n<p>&nbsp;<\/p>\n<p>&nbsp;<\/p>\n<p>&nbsp;<\/p>\n<p>&nbsp;<\/p>\n<p>&nbsp;<\/p>\n<p>&nbsp;<\/p>\n<p>&nbsp;<\/p>\n<p>&nbsp;<\/p>\n<p>&nbsp;<\/p>\n<p>&nbsp;<\/p>\n<p>&nbsp;<\/td>\n<td style=\"width: 50%; height: 416px;\">PREMI NARIEDA DE REDACCI\u00d3 INFANTIL PER A NENES I NENS ALUMNES DE LES ESCOLES ZER NARIEDA (COLL DE NARG\u00d3, PERAMOLA I ORGANY\u00c0):<\/p>\n<p><img loading=\"lazy\" decoding=\"async\" class=\"wp-image-1683 aligncenter\" src=\"https:\/\/agora.xtec.cat\/zernarieda\/wp-content\/uploads\/usu934\/2022\/06\/PREMIS-LITERARIS-224x300.jpg\" alt=\"\" width=\"205\" height=\"275\" srcset=\"https:\/\/agora.xtec.cat\/zernarieda\/wp-content\/uploads\/usu934\/2022\/06\/PREMIS-LITERARIS-224x300.jpg 224w, https:\/\/agora.xtec.cat\/zernarieda\/wp-content\/uploads\/usu934\/2022\/06\/PREMIS-LITERARIS.jpg 271w\" sizes=\"auto, (max-width: 205px) 100vw, 205px\" \/><\/p>\n<p><b>CATEGORIA A (1r i 2n prim\u00e0ria)<\/b><\/p>\n<p>1r premi-\u00a0<a href=\"https:\/\/drive.google.com\/file\/d\/1s_n1H7R-oVpFmfLKg-1j14KbAANayfxA\/view?usp=sharing\"><u>El llop que no sabia ca\u00e7ar<\/u><\/a>\u00a0de <strong>Josep Gerard Obiols Brito<\/strong><\/p>\n<p>2n premi-\u00a0<a href=\"https:\/\/drive.google.com\/file\/d\/1_CYc1rRPJ0CHXQZE6Nykjot0LGUgGauE\/view?usp=sharing\"><u>La tortuga m\u00e9s gran del m\u00f3n<\/u><\/a>\u00a0de <strong>Ariadna Tom\u00e0s Piedrahita<\/strong><\/p>\n<p>3r premi-\u00a0<a href=\"https:\/\/drive.google.com\/file\/d\/1wVz_J5s7wEkdNGpkvDxDvojkhFsEEFBu\/view?usp=sharing\"><u>Els raiers<\/u><\/a>\u00a0de <strong>Blau Isabel Obiols Brito<\/strong><\/p>\n<p><b style=\"font-family: inherit; font-size: 1em;\">CATEGORIA B (3r i 4t prim\u00e0ria)<\/b><\/p>\n<p>1r premi-\u00a0<u><a href=\"https:\/\/drive.google.com\/file\/d\/1QqJoY7yPDt5_-0qkbCq4JrmaZFBCj6Ch\/view?usp=sharing\">El secret de les Homilies<\/a>\u00a0<\/u>de <strong>Bernat Bastida Jordana<\/strong><\/p>\n<p>2n premi-\u00a0<a href=\"https:\/\/drive.google.com\/file\/d\/16nDhjFfOWQbMZzSwnic052NeUHNHZ54v\/view?usp=sharing\"><u>El primer viatge de la vaca Bruna<\/u><\/a>\u00a0de <strong>Biel Sol\u00e0 Vilagin\u00e9s<\/strong><\/p>\n<p>3r premi-\u00a0\u00a0<a href=\"https:\/\/drive.google.com\/file\/d\/19a9qC7DDvHJvfFnfZkNkSI2nuKXa_ZF8\/view?usp=sharing\"><u>La Cl\u00e0udia i les seves aventures estranyes<\/u><\/a>\u00a0d&#8217;<strong>Ainara L\u00f3pez Lluen<\/strong><\/p>\n<p><b style=\"font-family: inherit; font-size: 1em;\">CATEGORIA C (5\u00e8 i 6\u00e8 prim\u00e0ria)<\/b><\/p>\n<div>\n<p>1r premi-\u00a0<a href=\"https:\/\/drive.google.com\/file\/d\/1x8C6lY62SHCkEpYbOsyqaNJxZa6EC-lE\/view?usp=sharing\">La boira d&#8217;Oliana ha segrestat Turp i Auben\u00e7<\/a> d&#8217;<strong>Idun Blanco Pijpers<\/strong><\/p>\n<p>2n premi-\u00a0<a href=\"https:\/\/drive.google.com\/file\/d\/1bpWaVv6sU0D40KKKdB93e6s-mmcuu6S-\/view?usp=sharing\"><u>L&#8217;estoig de la Lu<\/u><\/a>\u00a0de <strong>Janira Lluen Lorente<\/strong><\/p>\n<p>3r premi-\u00a0<a href=\"https:\/\/drive.google.com\/file\/d\/1GMoqo4yT25oY1bLEK6oUg7Y_25Y9M69j\/view?usp=sharing\"><u>El tresor de Santa Fe<\/u><\/a>\u00a0de <strong>Jordi Gimi Tsvetkov<\/strong><\/p>\n<p>&nbsp;<\/p>\n<\/div>\n<p>MOLTES FELICITATS A TOTES I TOTS!!!<\/p>\n<p>&nbsp;<\/p>\n<p>&nbsp;<\/p>\n<p>&nbsp;<\/p>\n<p>&nbsp;<\/p>\n<p>&nbsp;<\/p>\n<p>&nbsp;<\/td>\n<\/tr>\n<\/tbody>\n<\/table>\n","protected":false},"excerpt":{"rendered":"<p>&nbsp; GUANYADOR DEL III CONCURS DE DIBUIX AGENDES ZER NARIEDA: &nbsp; Marc Boix Codina\u00a0 MOLTES FELICITATS, MARC!!! &nbsp; &nbsp; &nbsp; &nbsp; &nbsp; &nbsp; &nbsp; &nbsp; &nbsp; &nbsp; &nbsp; &nbsp; &nbsp; &nbsp; &nbsp; &nbsp; &nbsp; &nbsp; PREMI NARIEDA DE REDACCI\u00d3 INFANTIL PER A NENES I NENS ALUMNES DE LES ESCOLES ZER NARIEDA (COLL DE NARG\u00d3, PERAMOLA [&hellip;]<\/p>\n","protected":false},"author":1,"featured_media":0,"comment_status":"open","ping_status":"closed","sticky":false,"template":"","format":"standard","meta":{"_bbp_topic_count":0,"_bbp_reply_count":0,"_bbp_total_topic_count":0,"_bbp_total_reply_count":0,"_bbp_voice_count":0,"_bbp_anonymous_reply_count":0,"_bbp_topic_count_hidden":0,"_bbp_reply_count_hidden":0,"_bbp_forum_subforum_count":0,"site-sidebar-layout":"default","site-content-layout":"","ast-site-content-layout":"","site-content-style":"default","site-sidebar-style":"default","ast-global-header-display":"","ast-banner-title-visibility":"","ast-main-header-display":"","ast-hfb-above-header-display":"","ast-hfb-below-header-display":"","ast-hfb-mobile-header-display":"","site-post-title":"","ast-breadcrumbs-content":"","ast-featured-img":"","footer-sml-layout":"","theme-transparent-header-meta":"","adv-header-id-meta":"","stick-header-meta":"","header-above-stick-meta":"","header-main-stick-meta":"","header-below-stick-meta":"","astra-migrate-meta-layouts":"default","ast-page-background-enabled":"default","ast-page-background-meta":{"desktop":{"background-color":"var(--ast-global-color-4)","background-image":"","background-repeat":"repeat","background-position":"center center","background-size":"auto","background-attachment":"scroll","background-type":"","background-media":"","overlay-type":"","overlay-color":"","overlay-opacity":"","overlay-gradient":""},"tablet":{"background-color":"","background-image":"","background-repeat":"repeat","background-position":"center center","background-size":"auto","background-attachment":"scroll","background-type":"","background-media":"","overlay-type":"","overlay-color":"","overlay-opacity":"","overlay-gradient":""},"mobile":{"background-color":"","background-image":"","background-repeat":"repeat","background-position":"center center","background-size":"auto","background-attachment":"scroll","background-type":"","background-media":"","overlay-type":"","overlay-color":"","overlay-opacity":"","overlay-gradient":""}},"ast-content-background-meta":{"desktop":{"background-color":"var(--ast-global-color-5)","background-image":"","background-repeat":"repeat","background-position":"center center","background-size":"auto","background-attachment":"scroll","background-type":"","background-media":"","overlay-type":"","overlay-color":"","overlay-opacity":"","overlay-gradient":""},"tablet":{"background-color":"var(--ast-global-color-5)","background-image":"","background-repeat":"repeat","background-position":"center center","background-size":"auto","background-attachment":"scroll","background-type":"","background-media":"","overlay-type":"","overlay-color":"","overlay-opacity":"","overlay-gradient":""},"mobile":{"background-color":"var(--ast-global-color-5)","background-image":"","background-repeat":"repeat","background-position":"center center","background-size":"auto","background-attachment":"scroll","background-type":"","background-media":"","overlay-type":"","overlay-color":"","overlay-opacity":"","overlay-gradient":""}},"footnotes":""},"categories":[59,68,70,1,29],"tags":[],"class_list":["post-1677","post","type-post","status-publish","format-standard","hentry","category-miret-i-sans","category-sant-climent","category-sant-miquel","category-general","category-portada"],"post_mailing_queue_ids":[],"_links":{"self":[{"href":"https:\/\/agora.xtec.cat\/zernarieda\/wp-json\/wp\/v2\/posts\/1677","targetHints":{"allow":["GET"]}}],"collection":[{"href":"https:\/\/agora.xtec.cat\/zernarieda\/wp-json\/wp\/v2\/posts"}],"about":[{"href":"https:\/\/agora.xtec.cat\/zernarieda\/wp-json\/wp\/v2\/types\/post"}],"author":[{"embeddable":true,"href":"https:\/\/agora.xtec.cat\/zernarieda\/wp-json\/wp\/v2\/users\/1"}],"replies":[{"embeddable":true,"href":"https:\/\/agora.xtec.cat\/zernarieda\/wp-json\/wp\/v2\/comments?post=1677"}],"version-history":[{"count":3,"href":"https:\/\/agora.xtec.cat\/zernarieda\/wp-json\/wp\/v2\/posts\/1677\/revisions"}],"predecessor-version":[{"id":1691,"href":"https:\/\/agora.xtec.cat\/zernarieda\/wp-json\/wp\/v2\/posts\/1677\/revisions\/1691"}],"wp:attachment":[{"href":"https:\/\/agora.xtec.cat\/zernarieda\/wp-json\/wp\/v2\/media?parent=1677"}],"wp:term":[{"taxonomy":"category","embeddable":true,"href":"https:\/\/agora.xtec.cat\/zernarieda\/wp-json\/wp\/v2\/categories?post=1677"},{"taxonomy":"post_tag","embeddable":true,"href":"https:\/\/agora.xtec.cat\/zernarieda\/wp-json\/wp\/v2\/tags?post=1677"}],"curies":[{"name":"wp","href":"https:\/\/api.w.org\/{rel}","templated":true}]}}