{"id":10899,"date":"2026-03-24T12:41:02","date_gmt":"2026-03-24T11:41:02","guid":{"rendered":"https:\/\/agora.xtec.cat\/zermontgri\/?p=10899"},"modified":"2026-04-10T12:27:04","modified_gmt":"2026-04-10T10:27:04","slug":"visitem-lajuntament-i-entrevistem-el-sr-josep-ramon-llavero-rodriguez-alcalde-dalbons","status":"publish","type":"post","link":"https:\/\/agora.xtec.cat\/zermontgri\/general\/labranca\/visitem-lajuntament-i-entrevistem-el-sr-josep-ramon-llavero-rodriguez-alcalde-dalbons\/","title":{"rendered":"VISITEM L\u2019AJUNTAMENT I ENTREVISTEM EL SR. JOSEP RAMON LLAVERO RODR\u00cdGUEZ, ALCALDE D\u2019ALBONS"},"content":{"rendered":"<p>L\u2019alumnat de 2n, 3r i 4t de prim\u00e0ria de l\u2019ESC La Branca d\u2019Albons hem anat a visitar l\u2019alcalde. Ens ha reunit a la sala de plens, que \u00e9s on es prenen les decisions importants del poble i, vara d\u2019alcalde en m\u00e0, ens ha respost les preguntes que li hem plantejat.<\/p>\n<p>A classe estem estudiant les comarques i les seves les capitals i els ajuntaments, Consell Comarcal i Diputaci\u00f3 de Girona, aix\u00ed que qui millor per explicar-nos com funciona tot aix\u00f2 que el senyor Josep Ram\u00f3n, alcalde d\u2019Albons.<\/p>\n<p>Si voleu veure l&#8217;article sencer amb la foto de grup amb el sr. alcalde, cliqueu <a href=\"https:\/\/agora.xtec.cat\/zermontgri\/wp-admin\/post.php?post=10892&amp;action=edit\">AQU\u00cd<\/a><\/p>\n","protected":false},"excerpt":{"rendered":"<p>L\u2019alumnat de 2n, 3r i 4t de prim\u00e0ria de l\u2019ESC La Branca d\u2019Albons hem anat a visitar l\u2019alcalde. Ens ha reunit a la sala de plens, que \u00e9s on es prenen les decisions importants del poble i, vara d\u2019alcalde en m\u00e0, ens ha respost les&hellip;  <a href=\"https:\/\/agora.xtec.cat\/zermontgri\/general\/labranca\/visitem-lajuntament-i-entrevistem-el-sr-josep-ramon-llavero-rodriguez-alcalde-dalbons\/\" title=\"Read VISITEM L\u2019AJUNTAMENT I ENTREVISTEM EL SR. JOSEP RAMON LLAVERO RODR\u00cdGUEZ, ALCALDE D\u2019ALBONS\">Llegeix m\u00e9s\u00bb<\/a><\/p>\n","protected":false},"author":11,"featured_media":10895,"comment_status":"open","ping_status":"open","sticky":false,"template":"","format":"standard","meta":{"_bbp_topic_count":0,"_bbp_reply_count":0,"_bbp_total_topic_count":0,"_bbp_total_reply_count":0,"_bbp_voice_count":0,"_bbp_anonymous_reply_count":0,"_bbp_topic_count_hidden":0,"_bbp_reply_count_hidden":0,"_bbp_forum_subforum_count":0,"footnotes":""},"categories":[70],"tags":[],"class_list":["post-10899","post","type-post","status-publish","format-standard","has-post-thumbnail","hentry","category-labranca"],"post_mailing_queue_ids":[],"_links":{"self":[{"href":"https:\/\/agora.xtec.cat\/zermontgri\/wp-json\/wp\/v2\/posts\/10899","targetHints":{"allow":["GET"]}}],"collection":[{"href":"https:\/\/agora.xtec.cat\/zermontgri\/wp-json\/wp\/v2\/posts"}],"about":[{"href":"https:\/\/agora.xtec.cat\/zermontgri\/wp-json\/wp\/v2\/types\/post"}],"author":[{"embeddable":true,"href":"https:\/\/agora.xtec.cat\/zermontgri\/wp-json\/wp\/v2\/users\/11"}],"replies":[{"embeddable":true,"href":"https:\/\/agora.xtec.cat\/zermontgri\/wp-json\/wp\/v2\/comments?post=10899"}],"version-history":[{"count":3,"href":"https:\/\/agora.xtec.cat\/zermontgri\/wp-json\/wp\/v2\/posts\/10899\/revisions"}],"predecessor-version":[{"id":11001,"href":"https:\/\/agora.xtec.cat\/zermontgri\/wp-json\/wp\/v2\/posts\/10899\/revisions\/11001"}],"wp:featuredmedia":[{"embeddable":true,"href":"https:\/\/agora.xtec.cat\/zermontgri\/wp-json\/wp\/v2\/media\/10895"}],"wp:attachment":[{"href":"https:\/\/agora.xtec.cat\/zermontgri\/wp-json\/wp\/v2\/media?parent=10899"}],"wp:term":[{"taxonomy":"category","embeddable":true,"href":"https:\/\/agora.xtec.cat\/zermontgri\/wp-json\/wp\/v2\/categories?post=10899"},{"taxonomy":"post_tag","embeddable":true,"href":"https:\/\/agora.xtec.cat\/zermontgri\/wp-json\/wp\/v2\/tags?post=10899"}],"curies":[{"name":"wp","href":"https:\/\/api.w.org\/{rel}","templated":true}]}}