{"id":10885,"date":"2026-03-25T14:08:01","date_gmt":"2026-03-25T13:08:01","guid":{"rendered":"https:\/\/agora.xtec.cat\/zermontgri\/?p=10885"},"modified":"2026-03-25T14:08:01","modified_gmt":"2026-03-25T13:08:01","slug":"a-infantil-treballem-lhort","status":"publish","type":"post","link":"https:\/\/agora.xtec.cat\/zermontgri\/general\/puigrodo\/a-infantil-treballem-lhort\/","title":{"rendered":"A infantil treballem l&#8217;hort"},"content":{"rendered":"<p><img loading=\"lazy\" decoding=\"async\" class=\"wp-image-10884 alignleft\" src=\"https:\/\/agora.xtec.cat\/zermontgri\/wp-content\/uploads\/usu467\/2026\/03\/IMG_7315.jpg\" alt=\"\" width=\"356\" height=\"339\" srcset=\"https:\/\/agora.xtec.cat\/zermontgri\/wp-content\/uploads\/usu467\/2026\/03\/IMG_7315.jpg 932w, https:\/\/agora.xtec.cat\/zermontgri\/wp-content\/uploads\/usu467\/2026\/03\/IMG_7315-300x286.jpg 300w, https:\/\/agora.xtec.cat\/zermontgri\/wp-content\/uploads\/usu467\/2026\/03\/IMG_7315-768x733.jpg 768w\" sizes=\"auto, (max-width: 356px) 100vw, 356px\" \/><\/p>\n<p>L&#8217;alumnat d&#8217;infantil, durant aquestes setmanes, hem treballat l&#8217;hort i hem observat com creixen les plantes.<\/p>\n<p>Primer de tot, vam plantar llavors de pipes de gira-sol en gots, que despr\u00e9s hem trasplantat al mateix hort. Abans, per\u00f2, vam comen\u00e7ar a preparar el terreny, tot arrencant les males herbes i rasclinant la terra. Despr\u00e9s vam anar a comprar el planter: Enciams, br\u00f2quils, julivert i api. Un cop fetes les regues, els vam plantar i tamb\u00e9 regar.<\/p>\n<p>Cada dia ens preocupem de regar-ho i anem veient com creix!<\/p>\n<p>Cliqueu <a href=\"https:\/\/agora.xtec.cat\/zermontgri\/?p=10881&amp;preview=true\">aqu\u00ed<\/a> per veure l&#8217;article amb contrasenya.<\/p>\n","protected":false},"excerpt":{"rendered":"<p>L&#8217;alumnat d&#8217;infantil, durant aquestes setmanes, hem treballat l&#8217;hort i hem observat com creixen les plantes.<br \/>\nPrimer de tot, vam plantar llavors de pipes de gira-sol en gots, que despr\u00e9s hem trasplantat al mateix hort. Abans, per\u00f2, vam comen\u00e7ar a preparar el terreny, tot arrencant les males&hellip;  <a href=\"https:\/\/agora.xtec.cat\/zermontgri\/general\/puigrodo\/a-infantil-treballem-lhort\/\" title=\"Read A infantil treballem l&#8217;hort\">Llegeix m\u00e9s\u00bb<\/a><\/p>\n","protected":false},"author":8,"featured_media":10884,"comment_status":"open","ping_status":"open","sticky":false,"template":"","format":"standard","meta":{"_bbp_topic_count":0,"_bbp_reply_count":0,"_bbp_total_topic_count":0,"_bbp_total_reply_count":0,"_bbp_voice_count":0,"_bbp_anonymous_reply_count":0,"_bbp_topic_count_hidden":0,"_bbp_reply_count_hidden":0,"_bbp_forum_subforum_count":0,"footnotes":""},"categories":[69],"tags":[143,126,121],"class_list":["post-10885","post","type-post","status-publish","format-standard","has-post-thumbnail","hentry","category-puigrodo","tag-escola-puig-rodo","tag-escola-verda","tag-infantil"],"post_mailing_queue_ids":[],"_links":{"self":[{"href":"https:\/\/agora.xtec.cat\/zermontgri\/wp-json\/wp\/v2\/posts\/10885","targetHints":{"allow":["GET"]}}],"collection":[{"href":"https:\/\/agora.xtec.cat\/zermontgri\/wp-json\/wp\/v2\/posts"}],"about":[{"href":"https:\/\/agora.xtec.cat\/zermontgri\/wp-json\/wp\/v2\/types\/post"}],"author":[{"embeddable":true,"href":"https:\/\/agora.xtec.cat\/zermontgri\/wp-json\/wp\/v2\/users\/8"}],"replies":[{"embeddable":true,"href":"https:\/\/agora.xtec.cat\/zermontgri\/wp-json\/wp\/v2\/comments?post=10885"}],"version-history":[{"count":6,"href":"https:\/\/agora.xtec.cat\/zermontgri\/wp-json\/wp\/v2\/posts\/10885\/revisions"}],"predecessor-version":[{"id":10954,"href":"https:\/\/agora.xtec.cat\/zermontgri\/wp-json\/wp\/v2\/posts\/10885\/revisions\/10954"}],"wp:featuredmedia":[{"embeddable":true,"href":"https:\/\/agora.xtec.cat\/zermontgri\/wp-json\/wp\/v2\/media\/10884"}],"wp:attachment":[{"href":"https:\/\/agora.xtec.cat\/zermontgri\/wp-json\/wp\/v2\/media?parent=10885"}],"wp:term":[{"taxonomy":"category","embeddable":true,"href":"https:\/\/agora.xtec.cat\/zermontgri\/wp-json\/wp\/v2\/categories?post=10885"},{"taxonomy":"post_tag","embeddable":true,"href":"https:\/\/agora.xtec.cat\/zermontgri\/wp-json\/wp\/v2\/tags?post=10885"}],"curies":[{"name":"wp","href":"https:\/\/api.w.org\/{rel}","templated":true}]}}