{"id":5756,"date":"2026-04-29T21:04:43","date_gmt":"2026-04-29T19:04:43","guid":{"rendered":"https:\/\/agora.xtec.cat\/zermontcaro\/?p=5756"},"modified":"2026-04-29T21:04:43","modified_gmt":"2026-04-29T19:04:43","slug":"23e-premi-pilarin-bayes","status":"publish","type":"post","link":"https:\/\/agora.xtec.cat\/zermontcaro\/escola-reguers\/23e-premi-pilarin-bayes\/","title":{"rendered":"23\u00e8 PREMI PILAR\u00cdN BAY\u00c9S"},"content":{"rendered":"<p>L&#8217;alumnat de C.Inicial i 3r ha participat en el 23\u00e8 premi Pilar\u00edn Bay\u00e9s de contes escrits per nens i nenes.<\/p>\n<p>Feu &#8220;click&#8221; al dibuix per veure la presentaci\u00f3.<\/p>\n<p><a href=\"https:\/\/canva.link\/6fxm08isoj3avrx\"><img loading=\"lazy\" decoding=\"async\" class=\"alignleft size-medium wp-image-5757\" src=\"https:\/\/agora.xtec.cat\/zermontcaro\/wp-content\/uploads\/usu2042\/2026\/04\/c8d9bbb3-1cc8-494a-af86-999ef2e566eb_16-9-aspect-ratio_default_1022707-300x169.jpg\" alt=\"\" width=\"300\" height=\"169\" srcset=\"https:\/\/agora.xtec.cat\/zermontcaro\/wp-content\/uploads\/usu2042\/2026\/04\/c8d9bbb3-1cc8-494a-af86-999ef2e566eb_16-9-aspect-ratio_default_1022707-300x169.jpg 300w, https:\/\/agora.xtec.cat\/zermontcaro\/wp-content\/uploads\/usu2042\/2026\/04\/c8d9bbb3-1cc8-494a-af86-999ef2e566eb_16-9-aspect-ratio_default_1022707-1024x576.jpg 1024w, https:\/\/agora.xtec.cat\/zermontcaro\/wp-content\/uploads\/usu2042\/2026\/04\/c8d9bbb3-1cc8-494a-af86-999ef2e566eb_16-9-aspect-ratio_default_1022707-768x432.jpg 768w, https:\/\/agora.xtec.cat\/zermontcaro\/wp-content\/uploads\/usu2042\/2026\/04\/c8d9bbb3-1cc8-494a-af86-999ef2e566eb_16-9-aspect-ratio_default_1022707-1536x864.jpg 1536w, https:\/\/agora.xtec.cat\/zermontcaro\/wp-content\/uploads\/usu2042\/2026\/04\/c8d9bbb3-1cc8-494a-af86-999ef2e566eb_16-9-aspect-ratio_default_1022707.jpg 1600w\" sizes=\"auto, (max-width: 300px) 100vw, 300px\" \/><\/a><\/p>\n","protected":false},"excerpt":{"rendered":"<p>L&#8217;alumnat de C.Inicial i 3r ha participat en el 23\u00e8 premi Pilar\u00edn Bay\u00e9s de contes escrits per nens i nenes.<br \/>\nFeu &#8220;click&#8221; al dibuix per veure la presentaci\u00f3.<br \/>\n<a href=\"https:\/\/canva.link\/6fxm08isoj3avrx\"><\/a><\/p>\n","protected":false},"author":8,"featured_media":0,"comment_status":"open","ping_status":"open","sticky":false,"template":"","format":"standard","meta":{"_bbp_topic_count":0,"_bbp_reply_count":0,"_bbp_total_topic_count":0,"_bbp_total_reply_count":0,"_bbp_voice_count":0,"_bbp_anonymous_reply_count":0,"_bbp_topic_count_hidden":0,"_bbp_reply_count_hidden":0,"_bbp_forum_subforum_count":0,"footnotes":""},"categories":[70],"tags":[],"class_list":["post-5756","post","type-post","status-publish","format-standard","hentry","category-escola-reguers"],"post_mailing_queue_ids":[],"_links":{"self":[{"href":"https:\/\/agora.xtec.cat\/zermontcaro\/wp-json\/wp\/v2\/posts\/5756","targetHints":{"allow":["GET"]}}],"collection":[{"href":"https:\/\/agora.xtec.cat\/zermontcaro\/wp-json\/wp\/v2\/posts"}],"about":[{"href":"https:\/\/agora.xtec.cat\/zermontcaro\/wp-json\/wp\/v2\/types\/post"}],"author":[{"embeddable":true,"href":"https:\/\/agora.xtec.cat\/zermontcaro\/wp-json\/wp\/v2\/users\/8"}],"replies":[{"embeddable":true,"href":"https:\/\/agora.xtec.cat\/zermontcaro\/wp-json\/wp\/v2\/comments?post=5756"}],"version-history":[{"count":3,"href":"https:\/\/agora.xtec.cat\/zermontcaro\/wp-json\/wp\/v2\/posts\/5756\/revisions"}],"predecessor-version":[{"id":5760,"href":"https:\/\/agora.xtec.cat\/zermontcaro\/wp-json\/wp\/v2\/posts\/5756\/revisions\/5760"}],"wp:attachment":[{"href":"https:\/\/agora.xtec.cat\/zermontcaro\/wp-json\/wp\/v2\/media?parent=5756"}],"wp:term":[{"taxonomy":"category","embeddable":true,"href":"https:\/\/agora.xtec.cat\/zermontcaro\/wp-json\/wp\/v2\/categories?post=5756"},{"taxonomy":"post_tag","embeddable":true,"href":"https:\/\/agora.xtec.cat\/zermontcaro\/wp-json\/wp\/v2\/tags?post=5756"}],"curies":[{"name":"wp","href":"https:\/\/api.w.org\/{rel}","templated":true}]}}