{"id":5324,"date":"2025-10-29T20:12:19","date_gmt":"2025-10-29T19:12:19","guid":{"rendered":"https:\/\/agora.xtec.cat\/zermontcaro\/?p=5324"},"modified":"2025-10-29T20:35:19","modified_gmt":"2025-10-29T19:35:19","slug":"halloween-a-lescola-el-tunel-del-terror","status":"publish","type":"post","link":"https:\/\/agora.xtec.cat\/zermontcaro\/general\/halloween-a-lescola-el-tunel-del-terror\/","title":{"rendered":"Halloween a l\u2019escola: el t\u00fanel del terror."},"content":{"rendered":"<p data-start=\"286\" data-end=\"614\"><a href=\"https:\/\/agora.xtec.cat\/zermontcaro\/wp-content\/uploads\/usu2042\/2025\/10\/ci.jpg\"><img loading=\"lazy\" decoding=\"async\" class=\"wp-image-5325 aligncenter\" src=\"https:\/\/agora.xtec.cat\/zermontcaro\/wp-content\/uploads\/usu2042\/2025\/10\/ci-1024x768.jpg\" alt=\"\" width=\"280\" height=\"210\" srcset=\"https:\/\/agora.xtec.cat\/zermontcaro\/wp-content\/uploads\/usu2042\/2025\/10\/ci-1024x768.jpg 1024w, https:\/\/agora.xtec.cat\/zermontcaro\/wp-content\/uploads\/usu2042\/2025\/10\/ci-300x225.jpg 300w, https:\/\/agora.xtec.cat\/zermontcaro\/wp-content\/uploads\/usu2042\/2025\/10\/ci-768x576.jpg 768w, https:\/\/agora.xtec.cat\/zermontcaro\/wp-content\/uploads\/usu2042\/2025\/10\/ci-1536x1152.jpg 1536w, https:\/\/agora.xtec.cat\/zermontcaro\/wp-content\/uploads\/usu2042\/2025\/10\/ci-200x150.jpg 200w, https:\/\/agora.xtec.cat\/zermontcaro\/wp-content\/uploads\/usu2042\/2025\/10\/ci.jpg 2040w\" sizes=\"auto, (max-width: 280px) 100vw, 280px\" \/><\/a><\/p>\n<p data-start=\"286\" data-end=\"614\">Aquesta setmana, tot l\u2019alumnat del nostre centre ha viscut una experi\u00e8ncia esgarrifosament divertida! L\u2019equip docent especialista d\u2019angl\u00e8s ha preparat un t\u00fanel del terror en el qual els nens i nenes han pogut endinsar-se en l\u2019ambient de <em data-start=\"535\" data-end=\"546\">Halloween<\/em>.<\/p>\n<p data-start=\"286\" data-end=\"614\">L\u2019activitat ha estat molt m\u00e9s que una festa: ha estat una ocasi\u00f3 per aprendre sobre la cultura i les tradicions dels pa\u00efsos de parla anglesa. A trav\u00e9s de la m\u00fasica, els elements simb\u00f2lics i el llenguatge propi d\u2019aquesta celebraci\u00f3, els infants han pogut comprendre i valorar la diversitat cultural, una part fonamental de la compet\u00e8ncia cultural i art\u00edstica i, espec\u00edficament, de la compet\u00e8ncia cultural de l\u2019\u00e0rea de llengua estrangera. Aquesta compet\u00e8ncia convida l\u2019alumnat a obrir-se a noves formes d\u2019expressi\u00f3, costums i maneres de veure el m\u00f3n, afavorint una actitud de respecte i curiositat cap a altres cultures. Celebrar <em data-start=\"1263\" data-end=\"1274\">Halloween<\/em> a l\u2019escola, des d\u2019una mirada pedag\u00f2gica, ens permet connectar l\u2019aprenentatge de la llengua anglesa amb la seva cultura i tradicions, fent-lo significatiu, vivencial i ple d\u2019emocions.<\/p>\n<p data-start=\"1461\" data-end=\"1542\">Gr\u00e0cies a tots i totes per fer possible aquesta experi\u00e8ncia tan especial!<\/p>\n<p data-start=\"1461\" data-end=\"1542\">Feu <a href=\"https:\/\/www.canva.com\/design\/DAG3HIMqfnE\/NHUADu1Cs7uAYuGn7xWHbw\/watch?utm_content=DAG3HIMqfnE&amp;utm_campaign=designshare&amp;utm_medium=link2&amp;utm_source=uniquelinks&amp;utlId=h3c32bb38e1\">clic aqu\u00ed<\/a> per veure com s&#8217;ho han passat.\ud83d\udd78\ufe0f<strong>\ud83d\udc7b\ud83c\udf83<\/strong><\/p>\n","protected":false},"excerpt":{"rendered":"<p><a href=\"https:\/\/agora.xtec.cat\/zermontcaro\/wp-content\/uploads\/usu2042\/2025\/10\/ci.jpg\"><\/a><br \/>\nAquesta setmana, tot l\u2019alumnat del nostre centre ha viscut una experi\u00e8ncia esgarrifosament divertida! L\u2019equip docent especialista d\u2019angl\u00e8s ha preparat un t\u00fanel del terror en el qual els nens i nenes han pogut endinsar-se en l\u2019ambient de Halloween.<br \/>\nL\u2019activitat ha estat molt m\u00e9s que una festa:&hellip;  <a href=\"https:\/\/agora.xtec.cat\/zermontcaro\/general\/halloween-a-lescola-el-tunel-del-terror\/\" title=\"Read Halloween a l\u2019escola: el t\u00fanel del terror.\">Llegeix m\u00e9s\u00bb<\/a><\/p>\n","protected":false},"author":17,"featured_media":5325,"comment_status":"open","ping_status":"open","sticky":false,"template":"","format":"standard","meta":{"_bbp_topic_count":0,"_bbp_reply_count":0,"_bbp_total_topic_count":0,"_bbp_total_reply_count":0,"_bbp_voice_count":0,"_bbp_anonymous_reply_count":0,"_bbp_topic_count_hidden":0,"_bbp_reply_count_hidden":0,"_bbp_forum_subforum_count":0,"footnotes":""},"categories":[74,75,71,68,1,73,29],"tags":[42,116],"class_list":["post-5324","post","type-post","status-publish","format-standard","has-post-thumbnail","hentry","category-cicle-inicial-raval-cristo","category-cicle-mitja-raval-cristo","category-cicle-superior-raval-cristo","category-escola-raval_cristo","category-general","category-infantil-raval_cristo","category-portada","tag-angles","tag-escola-raval-de-cristo"],"post_mailing_queue_ids":[],"_links":{"self":[{"href":"https:\/\/agora.xtec.cat\/zermontcaro\/wp-json\/wp\/v2\/posts\/5324","targetHints":{"allow":["GET"]}}],"collection":[{"href":"https:\/\/agora.xtec.cat\/zermontcaro\/wp-json\/wp\/v2\/posts"}],"about":[{"href":"https:\/\/agora.xtec.cat\/zermontcaro\/wp-json\/wp\/v2\/types\/post"}],"author":[{"embeddable":true,"href":"https:\/\/agora.xtec.cat\/zermontcaro\/wp-json\/wp\/v2\/users\/17"}],"replies":[{"embeddable":true,"href":"https:\/\/agora.xtec.cat\/zermontcaro\/wp-json\/wp\/v2\/comments?post=5324"}],"version-history":[{"count":2,"href":"https:\/\/agora.xtec.cat\/zermontcaro\/wp-json\/wp\/v2\/posts\/5324\/revisions"}],"predecessor-version":[{"id":5327,"href":"https:\/\/agora.xtec.cat\/zermontcaro\/wp-json\/wp\/v2\/posts\/5324\/revisions\/5327"}],"wp:featuredmedia":[{"embeddable":true,"href":"https:\/\/agora.xtec.cat\/zermontcaro\/wp-json\/wp\/v2\/media\/5325"}],"wp:attachment":[{"href":"https:\/\/agora.xtec.cat\/zermontcaro\/wp-json\/wp\/v2\/media?parent=5324"}],"wp:term":[{"taxonomy":"category","embeddable":true,"href":"https:\/\/agora.xtec.cat\/zermontcaro\/wp-json\/wp\/v2\/categories?post=5324"},{"taxonomy":"post_tag","embeddable":true,"href":"https:\/\/agora.xtec.cat\/zermontcaro\/wp-json\/wp\/v2\/tags?post=5324"}],"curies":[{"name":"wp","href":"https:\/\/api.w.org\/{rel}","templated":true}]}}