{"id":109,"date":"2024-01-01T16:42:56","date_gmt":"2024-01-01T15:42:56","guid":{"rendered":"http:\/\/agora.xtec.cat\/zermoianes\/?p=109"},"modified":"2025-10-08T15:26:35","modified_gmt":"2025-10-08T13:26:35","slug":"noticia-1","status":"publish","type":"post","link":"https:\/\/agora.xtec.cat\/zermoianes\/general\/noticia-1\/","title":{"rendered":"BENVINGUDES I BENVINGUTS A LA ZER MOIAN\u00c8S PONENT"},"content":{"rendered":"<h5>\u00a0Benvinguts i benvingudes a la ZER Moian\u00e8s-Ponent!<\/h5>\n<p><a href=\"https:\/\/agora.xtec.cat\/zermoianes\/wp-content\/uploads\/usu904\/2024\/01\/unnamed-scaled.jpg\"><img loading=\"lazy\" decoding=\"async\" class=\"alignnone wp-image-779\" src=\"https:\/\/agora.xtec.cat\/zermoianes\/wp-content\/uploads\/usu904\/2024\/01\/unnamed-300x225.jpg\" alt=\"\" width=\"450\" height=\"338\" srcset=\"https:\/\/agora.xtec.cat\/zermoianes\/wp-content\/uploads\/usu904\/2024\/01\/unnamed-300x225.jpg 300w, https:\/\/agora.xtec.cat\/zermoianes\/wp-content\/uploads\/usu904\/2024\/01\/unnamed-1024x768.jpg 1024w, https:\/\/agora.xtec.cat\/zermoianes\/wp-content\/uploads\/usu904\/2024\/01\/unnamed-768x576.jpg 768w, https:\/\/agora.xtec.cat\/zermoianes\/wp-content\/uploads\/usu904\/2024\/01\/unnamed-1536x1152.jpg 1536w, https:\/\/agora.xtec.cat\/zermoianes\/wp-content\/uploads\/usu904\/2024\/01\/unnamed-2048x1536.jpg 2048w, https:\/\/agora.xtec.cat\/zermoianes\/wp-content\/uploads\/usu904\/2024\/01\/unnamed-200x150.jpg 200w\" sizes=\"auto, (max-width: 450px) 100vw, 450px\" \/><\/a><\/p>\n<p>La nostra ZER est\u00e0 formada per 4 escoles:<\/p>\n<p>1. <a href=\"https:\/\/educaciodigital.cat\/ceip-elspins-zerbages\/moodle\/\">L&#8217;escola Els Pins<\/a>, situada a Cabrianes<\/p>\n<p>2. <a href=\"https:\/\/escoladecalders.blogspot.com\/\">L&#8217;escola Anton Busquets i Punset<\/a>, situada a Calders<\/p>\n<p>3. <a href=\"https:\/\/agora.xtec.cat\/ceiplesqueix\/\">L&#8217;escola L&#8217;Esqueix<\/a>, situada a Monistrol de Calders<\/p>\n<p>4. <a href=\"https:\/\/www.escolavalldenespola.cat\/\">L&#8217;escola Vall de N\u00e9spola<\/a>, situada a Mura<\/p>\n<div><\/div>\n<p style=\"text-align: justify;\">Les quatre escoles treballen conjuntament des de l&#8217;estructura de la ZER.<\/p>\n<div><\/div>\n<p>Com a moltes escoles rurals, compartim els mestres especialistes d&#8217;Educaci\u00f3 F\u00edsica, M\u00fasica, Angl\u00e8s i MALL.<\/p>\n<div><\/div>\n<p>&nbsp;<\/p>\n<p style=\"text-align: right;\"><span style=\"color: #0bd69d;\"><em>&#8220;Els infants s\u00f3n com esponges, absorbeixen tot el que els envolta.<br \/>\nPer aix\u00f2, l&#8217;ambient que creem per a ells \u00e9s fonamental&#8221;.<br \/>\n&#8211; S\u00f2nia Kliass<\/em><\/span><\/p>\n","protected":false},"excerpt":{"rendered":"<p>\u00a0Benvinguts i benvingudes a la ZER Moian\u00e8s-Ponent!<br \/>\n<a href=\"https:\/\/agora.xtec.cat\/zermoianes\/wp-content\/uploads\/usu904\/2024\/01\/unnamed-scaled.jpg\"><\/a><br \/>\nLa nostra ZER est\u00e0 formada per 4 escoles:<br \/>\n1. <a href=\"https:\/\/educaciodigital.cat\/ceip-elspins-zerbages\/moodle\/\">L&#8217;escola Els Pins<\/a>, situada a Cabrianes<br \/>\n2. <a href=\"https:\/\/escoladecalders.blogspot.com\/\">L&#8217;escola Anton Busquets i Punset<\/a>, situada a Calders<br \/>\n3. <a href=\"https:\/\/agora.xtec.cat\/ceiplesqueix\/\">L&#8217;escola L&#8217;Esqueix<\/a>, situada a Monistrol de Calders<br \/>\n4. <a href=\"https:\/\/www.escolavalldenespola.cat\/\">L&#8217;escola Vall de N\u00e9spola<\/a>, situada&hellip;  <a href=\"https:\/\/agora.xtec.cat\/zermoianes\/general\/noticia-1\/\" title=\"Read BENVINGUDES I BENVINGUTS A LA ZER MOIAN\u00c8S PONENT\">Llegeix m\u00e9s\u00bb<\/a><\/p>\n","protected":false},"author":1,"featured_media":0,"comment_status":"closed","ping_status":"closed","sticky":false,"template":"","format":"standard","meta":{"_bbp_topic_count":0,"_bbp_reply_count":0,"_bbp_total_topic_count":0,"_bbp_total_reply_count":0,"_bbp_voice_count":0,"_bbp_anonymous_reply_count":0,"_bbp_topic_count_hidden":0,"_bbp_reply_count_hidden":0,"_bbp_forum_subforum_count":0,"footnotes":""},"categories":[68,59,70,69,1,29],"tags":[92],"class_list":["post-109","post","type-post","status-publish","format-standard","hentry","category-calders","category-pins","category-esqueix","category-mura","category-general","category-portada","tag-informacio"],"post_mailing_queue_ids":[],"_links":{"self":[{"href":"https:\/\/agora.xtec.cat\/zermoianes\/wp-json\/wp\/v2\/posts\/109","targetHints":{"allow":["GET"]}}],"collection":[{"href":"https:\/\/agora.xtec.cat\/zermoianes\/wp-json\/wp\/v2\/posts"}],"about":[{"href":"https:\/\/agora.xtec.cat\/zermoianes\/wp-json\/wp\/v2\/types\/post"}],"author":[{"embeddable":true,"href":"https:\/\/agora.xtec.cat\/zermoianes\/wp-json\/wp\/v2\/users\/1"}],"replies":[{"embeddable":true,"href":"https:\/\/agora.xtec.cat\/zermoianes\/wp-json\/wp\/v2\/comments?post=109"}],"version-history":[{"count":6,"href":"https:\/\/agora.xtec.cat\/zermoianes\/wp-json\/wp\/v2\/posts\/109\/revisions"}],"predecessor-version":[{"id":781,"href":"https:\/\/agora.xtec.cat\/zermoianes\/wp-json\/wp\/v2\/posts\/109\/revisions\/781"}],"wp:attachment":[{"href":"https:\/\/agora.xtec.cat\/zermoianes\/wp-json\/wp\/v2\/media?parent=109"}],"wp:term":[{"taxonomy":"category","embeddable":true,"href":"https:\/\/agora.xtec.cat\/zermoianes\/wp-json\/wp\/v2\/categories?post=109"},{"taxonomy":"post_tag","embeddable":true,"href":"https:\/\/agora.xtec.cat\/zermoianes\/wp-json\/wp\/v2\/tags?post=109"}],"curies":[{"name":"wp","href":"https:\/\/api.w.org\/{rel}","templated":true}]}}