{"id":747,"date":"2016-09-30T13:49:53","date_gmt":"2016-09-30T11:49:53","guid":{"rendered":"http:\/\/agora.xtec.cat\/zerlacerdanya\/?p=747"},"modified":"2020-04-30T17:48:14","modified_gmt":"2020-04-30T15:48:14","slug":"comencem-projecte-joan-miro","status":"publish","type":"post","link":"https:\/\/agora.xtec.cat\/zerlacerdanya\/portada\/comencem-projecte-joan-miro\/","title":{"rendered":"Comencem PROJECTE Joan Mir\u00f3!"},"content":{"rendered":"<p>Hola a tothom,<\/p>\n<p>Avui, divendres 30 de setembre de 2016, els alumnes de cicle mitj\u00e0 de la ZER hem comen\u00e7at el projecte sobre Joan Mir\u00f3.<\/p>\n<p>A trav\u00e9s de la imatge que teniu a l&#8217;esquerre del text<img loading=\"lazy\" decoding=\"async\" class=\"alignleft\" src=\"http:\/\/www.milliande.com\/images\/art-journals-online-art-prompt-with-milliande-inspired-by-joan-miro-1.jpg\" width=\"178\" height=\"178\" \/>, una inspiraci\u00f3 basada en un quadre de l&#8217;artista anomenat <strong><em>Personatges i gos al sol<\/em><\/strong> (que teniu al costat dret)<img loading=\"lazy\" decoding=\"async\" class=\"alignright\" src=\"http:\/\/cdn.20m.es\/img2\/recortes\/2014\/09\/07\/188012-523-800.jpg\" width=\"176\" height=\"269\" \/>\u00a0, hem comen\u00e7at establint un di\u00e0leg sobre els colors i les formes utilitzades per aquest pintor.<\/p>\n<p style=\"text-align: justify;\">Despr\u00e9s de fer hip\u00f2tesis sobre el quadre, hem buscat m\u00e9s informaci\u00f3 sobre les seves obres i, seguint les inquietuds dels alumnes, descobrir si nom\u00e9s pintava quadres.<\/p>\n<p style=\"text-align: justify;\">Ens hem adonat que tamb\u00e9 feia escultures i ens hem fixat concretament en dues: <em>la dona i l&#8217;ocell\u00a0<\/em>i\u00a0<em>els enamorats<\/em>.<\/p>\n<p style=\"text-align: justify;\">Aquesta \u00faltima escultura, ser\u00e0 la que ens acompanyar\u00e0 tot el projecte.<\/p>\n<p style=\"text-align: justify;\">El seg\u00fcent divendres m\u00e9s! Us deixem una fotografia sobre la sessi\u00f3 d&#8217;avui.<\/p>\n<p style=\"text-align: justify;\">\n<p style=\"text-align: justify;\">Fins la setmana que ve!<\/p>\n","protected":false},"excerpt":{"rendered":"<p>Hola a tothom, Avui, divendres 30 de setembre de 2016, els alumnes de cicle mitj\u00e0 de la ZER hem comen\u00e7at el projecte sobre Joan Mir\u00f3. A trav\u00e9s de la imatge que teniu a l&#8217;esquerre del text, una inspiraci\u00f3 basada en un quadre de l&#8217;artista anomenat Personatges i gos al sol (que teniu al costat dret)\u00a0, [&hellip;]<\/p>\n","protected":false},"author":1,"featured_media":748,"comment_status":"open","ping_status":"closed","sticky":false,"template":"","format":"standard","meta":{"_bbp_topic_count":0,"_bbp_reply_count":0,"_bbp_total_topic_count":0,"_bbp_total_reply_count":0,"_bbp_voice_count":0,"_bbp_anonymous_reply_count":0,"_bbp_topic_count_hidden":0,"_bbp_reply_count_hidden":0,"_bbp_forum_subforum_count":0,"site-sidebar-layout":"default","site-content-layout":"","ast-site-content-layout":"","site-content-style":"default","site-sidebar-style":"default","ast-global-header-display":"","ast-banner-title-visibility":"","ast-main-header-display":"","ast-hfb-above-header-display":"","ast-hfb-below-header-display":"","ast-hfb-mobile-header-display":"","site-post-title":"","ast-breadcrumbs-content":"","ast-featured-img":"","footer-sml-layout":"","theme-transparent-header-meta":"","adv-header-id-meta":"","stick-header-meta":"","header-above-stick-meta":"","header-main-stick-meta":"","header-below-stick-meta":"","astra-migrate-meta-layouts":"default","ast-page-background-enabled":"default","ast-page-background-meta":{"desktop":{"background-color":"var(--ast-global-color-4)","background-image":"","background-repeat":"repeat","background-position":"center center","background-size":"auto","background-attachment":"scroll","background-type":"","background-media":"","overlay-type":"","overlay-color":"","overlay-opacity":"","overlay-gradient":""},"tablet":{"background-color":"","background-image":"","background-repeat":"repeat","background-position":"center center","background-size":"auto","background-attachment":"scroll","background-type":"","background-media":"","overlay-type":"","overlay-color":"","overlay-opacity":"","overlay-gradient":""},"mobile":{"background-color":"","background-image":"","background-repeat":"repeat","background-position":"center center","background-size":"auto","background-attachment":"scroll","background-type":"","background-media":"","overlay-type":"","overlay-color":"","overlay-opacity":"","overlay-gradient":""}},"ast-content-background-meta":{"desktop":{"background-color":"var(--ast-global-color-5)","background-image":"","background-repeat":"repeat","background-position":"center center","background-size":"auto","background-attachment":"scroll","background-type":"","background-media":"","overlay-type":"","overlay-color":"","overlay-opacity":"","overlay-gradient":""},"tablet":{"background-color":"var(--ast-global-color-5)","background-image":"","background-repeat":"repeat","background-position":"center center","background-size":"auto","background-attachment":"scroll","background-type":"","background-media":"","overlay-type":"","overlay-color":"","overlay-opacity":"","overlay-gradient":""},"mobile":{"background-color":"var(--ast-global-color-5)","background-image":"","background-repeat":"repeat","background-position":"center center","background-size":"auto","background-attachment":"scroll","background-type":"","background-media":"","overlay-type":"","overlay-color":"","overlay-opacity":"","overlay-gradient":""}},"footnotes":""},"categories":[112,29],"tags":[],"class_list":["post-747","post","type-post","status-publish","format-standard","has-post-thumbnail","hentry","category-cm-16-17","category-portada"],"post_mailing_queue_ids":[],"_links":{"self":[{"href":"https:\/\/agora.xtec.cat\/zerlacerdanya\/wp-json\/wp\/v2\/posts\/747","targetHints":{"allow":["GET"]}}],"collection":[{"href":"https:\/\/agora.xtec.cat\/zerlacerdanya\/wp-json\/wp\/v2\/posts"}],"about":[{"href":"https:\/\/agora.xtec.cat\/zerlacerdanya\/wp-json\/wp\/v2\/types\/post"}],"author":[{"embeddable":true,"href":"https:\/\/agora.xtec.cat\/zerlacerdanya\/wp-json\/wp\/v2\/users\/1"}],"replies":[{"embeddable":true,"href":"https:\/\/agora.xtec.cat\/zerlacerdanya\/wp-json\/wp\/v2\/comments?post=747"}],"version-history":[{"count":2,"href":"https:\/\/agora.xtec.cat\/zerlacerdanya\/wp-json\/wp\/v2\/posts\/747\/revisions"}],"predecessor-version":[{"id":1810,"href":"https:\/\/agora.xtec.cat\/zerlacerdanya\/wp-json\/wp\/v2\/posts\/747\/revisions\/1810"}],"wp:featuredmedia":[{"embeddable":true,"href":"https:\/\/agora.xtec.cat\/zerlacerdanya\/wp-json\/wp\/v2\/media\/748"}],"wp:attachment":[{"href":"https:\/\/agora.xtec.cat\/zerlacerdanya\/wp-json\/wp\/v2\/media?parent=747"}],"wp:term":[{"taxonomy":"category","embeddable":true,"href":"https:\/\/agora.xtec.cat\/zerlacerdanya\/wp-json\/wp\/v2\/categories?post=747"},{"taxonomy":"post_tag","embeddable":true,"href":"https:\/\/agora.xtec.cat\/zerlacerdanya\/wp-json\/wp\/v2\/tags?post=747"}],"curies":[{"name":"wp","href":"https:\/\/api.w.org\/{rel}","templated":true}]}}