{"id":2392,"date":"2025-06-12T21:41:58","date_gmt":"2025-06-12T19:41:58","guid":{"rendered":"https:\/\/agora.xtec.cat\/zerlacerdanya\/?p=2392"},"modified":"2025-06-12T21:41:58","modified_gmt":"2025-06-12T19:41:58","slug":"iii-jornada-experimentem","status":"publish","type":"post","link":"https:\/\/agora.xtec.cat\/zerlacerdanya\/general\/iii-jornada-experimentem\/","title":{"rendered":"III JORNADA &#8220;EXPERIMENTEM&#8221;"},"content":{"rendered":"<p>Avui dia 12 de juny al mat\u00ed, els infants de Cicle Mitj\u00e0 de les escoles Santa Cec\u00edlia de Bolvir i Santa Coloma de Ger han participat a la III Jornada &#8220;EXPERIMENTEM&#8221; organitzada pels Serveis Educatius de la Cerdanya. Han pogut dur a terme diferents experiments cient\u00edfics i han compartit bones estones amb altres nens i nenes del mateix cicle de les escoles de la comarca. Ha sigut un dia genial!<\/p>\n<p><a href=\"https:\/\/agora.xtec.cat\/zerlacerdanya\/wp-content\/uploads\/usu1355\/2025\/06\/Screenshot_2025-06-12-21-39-16-736_com.miui_.gallery-edit.jpg\"><img loading=\"lazy\" decoding=\"async\" class=\"alignnone size-full wp-image-2393\" src=\"https:\/\/agora.xtec.cat\/zerlacerdanya\/wp-content\/uploads\/usu1355\/2025\/06\/Screenshot_2025-06-12-21-39-16-736_com.miui_.gallery-edit.jpg\" alt=\"\" width=\"1220\" height=\"1244\" srcset=\"https:\/\/agora.xtec.cat\/zerlacerdanya\/wp-content\/uploads\/usu1355\/2025\/06\/Screenshot_2025-06-12-21-39-16-736_com.miui_.gallery-edit.jpg 1220w, https:\/\/agora.xtec.cat\/zerlacerdanya\/wp-content\/uploads\/usu1355\/2025\/06\/Screenshot_2025-06-12-21-39-16-736_com.miui_.gallery-edit-294x300.jpg 294w, https:\/\/agora.xtec.cat\/zerlacerdanya\/wp-content\/uploads\/usu1355\/2025\/06\/Screenshot_2025-06-12-21-39-16-736_com.miui_.gallery-edit-1004x1024.jpg 1004w, https:\/\/agora.xtec.cat\/zerlacerdanya\/wp-content\/uploads\/usu1355\/2025\/06\/Screenshot_2025-06-12-21-39-16-736_com.miui_.gallery-edit-768x783.jpg 768w\" sizes=\"auto, (max-width: 1220px) 100vw, 1220px\" \/><\/a><\/p>\n","protected":false},"excerpt":{"rendered":"<p>Avui dia 12 de juny al mat\u00ed, els infants de Cicle Mitj\u00e0 de les escoles Santa Cec\u00edlia de Bolvir i Santa Coloma de Ger han participat a la III Jornada &#8220;EXPERIMENTEM&#8221; organitzada pels Serveis Educatius de la Cerdanya. Han pogut dur a terme diferents experiments cient\u00edfics i han compartit bones estones amb altres nens i [&hellip;]<\/p>\n","protected":false},"author":1,"featured_media":2393,"comment_status":"open","ping_status":"open","sticky":false,"template":"","format":"standard","meta":{"_bbp_topic_count":0,"_bbp_reply_count":0,"_bbp_total_topic_count":0,"_bbp_total_reply_count":0,"_bbp_voice_count":0,"_bbp_anonymous_reply_count":0,"_bbp_topic_count_hidden":0,"_bbp_reply_count_hidden":0,"_bbp_forum_subforum_count":0,"site-sidebar-layout":"default","site-content-layout":"","ast-site-content-layout":"","site-content-style":"default","site-sidebar-style":"default","ast-global-header-display":"","ast-banner-title-visibility":"","ast-main-header-display":"","ast-hfb-above-header-display":"","ast-hfb-below-header-display":"","ast-hfb-mobile-header-display":"","site-post-title":"","ast-breadcrumbs-content":"","ast-featured-img":"","footer-sml-layout":"","theme-transparent-header-meta":"","adv-header-id-meta":"","stick-header-meta":"","header-above-stick-meta":"","header-main-stick-meta":"","header-below-stick-meta":"","astra-migrate-meta-layouts":"default","ast-page-background-enabled":"default","ast-page-background-meta":{"desktop":{"background-color":"var(--ast-global-color-4)","background-image":"","background-repeat":"repeat","background-position":"center center","background-size":"auto","background-attachment":"scroll","background-type":"","background-media":"","overlay-type":"","overlay-color":"","overlay-opacity":"","overlay-gradient":""},"tablet":{"background-color":"","background-image":"","background-repeat":"repeat","background-position":"center center","background-size":"auto","background-attachment":"scroll","background-type":"","background-media":"","overlay-type":"","overlay-color":"","overlay-opacity":"","overlay-gradient":""},"mobile":{"background-color":"","background-image":"","background-repeat":"repeat","background-position":"center center","background-size":"auto","background-attachment":"scroll","background-type":"","background-media":"","overlay-type":"","overlay-color":"","overlay-opacity":"","overlay-gradient":""}},"ast-content-background-meta":{"desktop":{"background-color":"var(--ast-global-color-5)","background-image":"","background-repeat":"repeat","background-position":"center center","background-size":"auto","background-attachment":"scroll","background-type":"","background-media":"","overlay-type":"","overlay-color":"","overlay-opacity":"","overlay-gradient":""},"tablet":{"background-color":"var(--ast-global-color-5)","background-image":"","background-repeat":"repeat","background-position":"center center","background-size":"auto","background-attachment":"scroll","background-type":"","background-media":"","overlay-type":"","overlay-color":"","overlay-opacity":"","overlay-gradient":""},"mobile":{"background-color":"var(--ast-global-color-5)","background-image":"","background-repeat":"repeat","background-position":"center center","background-size":"auto","background-attachment":"scroll","background-type":"","background-media":"","overlay-type":"","overlay-color":"","overlay-opacity":"","overlay-gradient":""}},"footnotes":""},"categories":[1,29],"tags":[],"class_list":["post-2392","post","type-post","status-publish","format-standard","has-post-thumbnail","hentry","category-general","category-portada"],"post_mailing_queue_ids":[],"_links":{"self":[{"href":"https:\/\/agora.xtec.cat\/zerlacerdanya\/wp-json\/wp\/v2\/posts\/2392","targetHints":{"allow":["GET"]}}],"collection":[{"href":"https:\/\/agora.xtec.cat\/zerlacerdanya\/wp-json\/wp\/v2\/posts"}],"about":[{"href":"https:\/\/agora.xtec.cat\/zerlacerdanya\/wp-json\/wp\/v2\/types\/post"}],"author":[{"embeddable":true,"href":"https:\/\/agora.xtec.cat\/zerlacerdanya\/wp-json\/wp\/v2\/users\/1"}],"replies":[{"embeddable":true,"href":"https:\/\/agora.xtec.cat\/zerlacerdanya\/wp-json\/wp\/v2\/comments?post=2392"}],"version-history":[{"count":1,"href":"https:\/\/agora.xtec.cat\/zerlacerdanya\/wp-json\/wp\/v2\/posts\/2392\/revisions"}],"predecessor-version":[{"id":2394,"href":"https:\/\/agora.xtec.cat\/zerlacerdanya\/wp-json\/wp\/v2\/posts\/2392\/revisions\/2394"}],"wp:featuredmedia":[{"embeddable":true,"href":"https:\/\/agora.xtec.cat\/zerlacerdanya\/wp-json\/wp\/v2\/media\/2393"}],"wp:attachment":[{"href":"https:\/\/agora.xtec.cat\/zerlacerdanya\/wp-json\/wp\/v2\/media?parent=2392"}],"wp:term":[{"taxonomy":"category","embeddable":true,"href":"https:\/\/agora.xtec.cat\/zerlacerdanya\/wp-json\/wp\/v2\/categories?post=2392"},{"taxonomy":"post_tag","embeddable":true,"href":"https:\/\/agora.xtec.cat\/zerlacerdanya\/wp-json\/wp\/v2\/tags?post=2392"}],"curies":[{"name":"wp","href":"https:\/\/api.w.org\/{rel}","templated":true}]}}