{"id":2120,"date":"2023-06-12T17:22:59","date_gmt":"2023-06-12T15:22:59","guid":{"rendered":"https:\/\/agora.xtec.cat\/zerlacerdanya\/?p=2120"},"modified":"2023-06-12T17:25:47","modified_gmt":"2023-06-12T15:25:47","slug":"conferencies-de-cicle-superior","status":"publish","type":"post","link":"https:\/\/agora.xtec.cat\/zerlacerdanya\/general\/conferencies-de-cicle-superior\/","title":{"rendered":"CONFER\u00c8NCIES DE CICLE SUPERIOR"},"content":{"rendered":"<p>El passat 9 de juny l&#8217;alumnat de cicle superior de la ZER va dur a terme una trobada a l&#8217;auditori de Bolvir.<\/p>\n<p>Des de cadascuna de les escoles els infants van preparar unes confer\u00e8ncies sobre els projectes treballats a les aules. I, un cop a l&#8217;auditori, van compartir la tasca amb la resta de companys\/es de la ZER i amb les fam\u00edlies que hi van poder assistir, mitjan\u00e7ant unes presentacions molt ben preparades.<\/p>\n<p>Realment, fer exposicions orals a l&#8217;escenari d&#8217;un auditori impressiona for\u00e7a. Per\u00f2 va sortir molt b\u00e9!<\/p>\n<p>Ha estat una experi\u00e8ncia molt maca i gratificant.<\/p>\n<p><a href=\"https:\/\/agora.xtec.cat\/zerlacerdanya\/wp-content\/uploads\/usu1355\/2023\/06\/E37AA5A6-62F9-4655-8C84-144A115FCC43-COLLAGE-scaled.jpg\"><img loading=\"lazy\" decoding=\"async\" class=\"alignnone size-full wp-image-2123\" src=\"https:\/\/agora.xtec.cat\/zerlacerdanya\/wp-content\/uploads\/usu1355\/2023\/06\/E37AA5A6-62F9-4655-8C84-144A115FCC43-COLLAGE-scaled.jpg\" alt=\"\" width=\"1988\" height=\"2560\" srcset=\"https:\/\/agora.xtec.cat\/zerlacerdanya\/wp-content\/uploads\/usu1355\/2023\/06\/E37AA5A6-62F9-4655-8C84-144A115FCC43-COLLAGE-scaled.jpg 1988w, https:\/\/agora.xtec.cat\/zerlacerdanya\/wp-content\/uploads\/usu1355\/2023\/06\/E37AA5A6-62F9-4655-8C84-144A115FCC43-COLLAGE-233x300.jpg 233w, https:\/\/agora.xtec.cat\/zerlacerdanya\/wp-content\/uploads\/usu1355\/2023\/06\/E37AA5A6-62F9-4655-8C84-144A115FCC43-COLLAGE-795x1024.jpg 795w, https:\/\/agora.xtec.cat\/zerlacerdanya\/wp-content\/uploads\/usu1355\/2023\/06\/E37AA5A6-62F9-4655-8C84-144A115FCC43-COLLAGE-768x989.jpg 768w, https:\/\/agora.xtec.cat\/zerlacerdanya\/wp-content\/uploads\/usu1355\/2023\/06\/E37AA5A6-62F9-4655-8C84-144A115FCC43-COLLAGE-1193x1536.jpg 1193w, https:\/\/agora.xtec.cat\/zerlacerdanya\/wp-content\/uploads\/usu1355\/2023\/06\/E37AA5A6-62F9-4655-8C84-144A115FCC43-COLLAGE-1590x2048.jpg 1590w\" sizes=\"auto, (max-width: 1988px) 100vw, 1988px\" \/><\/a> <a href=\"https:\/\/agora.xtec.cat\/zerlacerdanya\/wp-content\/uploads\/usu1355\/2023\/06\/15856022-263E-45DE-9248-898776E58658-COLLAGE-scaled.jpg\"><img loading=\"lazy\" decoding=\"async\" class=\"alignnone size-full wp-image-2124\" src=\"https:\/\/agora.xtec.cat\/zerlacerdanya\/wp-content\/uploads\/usu1355\/2023\/06\/15856022-263E-45DE-9248-898776E58658-COLLAGE-scaled.jpg\" alt=\"\" width=\"1940\" height=\"2560\" srcset=\"https:\/\/agora.xtec.cat\/zerlacerdanya\/wp-content\/uploads\/usu1355\/2023\/06\/15856022-263E-45DE-9248-898776E58658-COLLAGE-scaled.jpg 1940w, https:\/\/agora.xtec.cat\/zerlacerdanya\/wp-content\/uploads\/usu1355\/2023\/06\/15856022-263E-45DE-9248-898776E58658-COLLAGE-227x300.jpg 227w, https:\/\/agora.xtec.cat\/zerlacerdanya\/wp-content\/uploads\/usu1355\/2023\/06\/15856022-263E-45DE-9248-898776E58658-COLLAGE-776x1024.jpg 776w, https:\/\/agora.xtec.cat\/zerlacerdanya\/wp-content\/uploads\/usu1355\/2023\/06\/15856022-263E-45DE-9248-898776E58658-COLLAGE-768x1013.jpg 768w, https:\/\/agora.xtec.cat\/zerlacerdanya\/wp-content\/uploads\/usu1355\/2023\/06\/15856022-263E-45DE-9248-898776E58658-COLLAGE-1164x1536.jpg 1164w, https:\/\/agora.xtec.cat\/zerlacerdanya\/wp-content\/uploads\/usu1355\/2023\/06\/15856022-263E-45DE-9248-898776E58658-COLLAGE-1552x2048.jpg 1552w\" sizes=\"auto, (max-width: 1940px) 100vw, 1940px\" \/><\/a><\/p>\n<p>&nbsp;<\/p>\n","protected":false},"excerpt":{"rendered":"<p>El passat 9 de juny l&#8217;alumnat de cicle superior de la ZER va dur a terme una trobada a l&#8217;auditori de Bolvir. Des de cadascuna de les escoles els infants van preparar unes confer\u00e8ncies sobre els projectes treballats a les aules. I, un cop a l&#8217;auditori, van compartir la tasca amb la resta de companys\/es [&hellip;]<\/p>\n","protected":false},"author":1,"featured_media":2122,"comment_status":"open","ping_status":"closed","sticky":false,"template":"","format":"standard","meta":{"_bbp_topic_count":0,"_bbp_reply_count":0,"_bbp_total_topic_count":0,"_bbp_total_reply_count":0,"_bbp_voice_count":0,"_bbp_anonymous_reply_count":0,"_bbp_topic_count_hidden":0,"_bbp_reply_count_hidden":0,"_bbp_forum_subforum_count":0,"site-sidebar-layout":"default","site-content-layout":"","ast-site-content-layout":"","site-content-style":"default","site-sidebar-style":"default","ast-global-header-display":"","ast-banner-title-visibility":"","ast-main-header-display":"","ast-hfb-above-header-display":"","ast-hfb-below-header-display":"","ast-hfb-mobile-header-display":"","site-post-title":"","ast-breadcrumbs-content":"","ast-featured-img":"","footer-sml-layout":"","theme-transparent-header-meta":"","adv-header-id-meta":"","stick-header-meta":"","header-above-stick-meta":"","header-main-stick-meta":"","header-below-stick-meta":"","astra-migrate-meta-layouts":"default","ast-page-background-enabled":"default","ast-page-background-meta":{"desktop":{"background-color":"var(--ast-global-color-4)","background-image":"","background-repeat":"repeat","background-position":"center center","background-size":"auto","background-attachment":"scroll","background-type":"","background-media":"","overlay-type":"","overlay-color":"","overlay-opacity":"","overlay-gradient":""},"tablet":{"background-color":"","background-image":"","background-repeat":"repeat","background-position":"center center","background-size":"auto","background-attachment":"scroll","background-type":"","background-media":"","overlay-type":"","overlay-color":"","overlay-opacity":"","overlay-gradient":""},"mobile":{"background-color":"","background-image":"","background-repeat":"repeat","background-position":"center center","background-size":"auto","background-attachment":"scroll","background-type":"","background-media":"","overlay-type":"","overlay-color":"","overlay-opacity":"","overlay-gradient":""}},"ast-content-background-meta":{"desktop":{"background-color":"var(--ast-global-color-5)","background-image":"","background-repeat":"repeat","background-position":"center center","background-size":"auto","background-attachment":"scroll","background-type":"","background-media":"","overlay-type":"","overlay-color":"","overlay-opacity":"","overlay-gradient":""},"tablet":{"background-color":"var(--ast-global-color-5)","background-image":"","background-repeat":"repeat","background-position":"center center","background-size":"auto","background-attachment":"scroll","background-type":"","background-media":"","overlay-type":"","overlay-color":"","overlay-opacity":"","overlay-gradient":""},"mobile":{"background-color":"var(--ast-global-color-5)","background-image":"","background-repeat":"repeat","background-position":"center center","background-size":"auto","background-attachment":"scroll","background-type":"","background-media":"","overlay-type":"","overlay-color":"","overlay-opacity":"","overlay-gradient":""}},"footnotes":""},"categories":[1,29],"tags":[],"class_list":["post-2120","post","type-post","status-publish","format-standard","has-post-thumbnail","hentry","category-general","category-portada"],"post_mailing_queue_ids":[],"_links":{"self":[{"href":"https:\/\/agora.xtec.cat\/zerlacerdanya\/wp-json\/wp\/v2\/posts\/2120","targetHints":{"allow":["GET"]}}],"collection":[{"href":"https:\/\/agora.xtec.cat\/zerlacerdanya\/wp-json\/wp\/v2\/posts"}],"about":[{"href":"https:\/\/agora.xtec.cat\/zerlacerdanya\/wp-json\/wp\/v2\/types\/post"}],"author":[{"embeddable":true,"href":"https:\/\/agora.xtec.cat\/zerlacerdanya\/wp-json\/wp\/v2\/users\/1"}],"replies":[{"embeddable":true,"href":"https:\/\/agora.xtec.cat\/zerlacerdanya\/wp-json\/wp\/v2\/comments?post=2120"}],"version-history":[{"count":3,"href":"https:\/\/agora.xtec.cat\/zerlacerdanya\/wp-json\/wp\/v2\/posts\/2120\/revisions"}],"predecessor-version":[{"id":2133,"href":"https:\/\/agora.xtec.cat\/zerlacerdanya\/wp-json\/wp\/v2\/posts\/2120\/revisions\/2133"}],"wp:featuredmedia":[{"embeddable":true,"href":"https:\/\/agora.xtec.cat\/zerlacerdanya\/wp-json\/wp\/v2\/media\/2122"}],"wp:attachment":[{"href":"https:\/\/agora.xtec.cat\/zerlacerdanya\/wp-json\/wp\/v2\/media?parent=2120"}],"wp:term":[{"taxonomy":"category","embeddable":true,"href":"https:\/\/agora.xtec.cat\/zerlacerdanya\/wp-json\/wp\/v2\/categories?post=2120"},{"taxonomy":"post_tag","embeddable":true,"href":"https:\/\/agora.xtec.cat\/zerlacerdanya\/wp-json\/wp\/v2\/tags?post=2120"}],"curies":[{"name":"wp","href":"https:\/\/api.w.org\/{rel}","templated":true}]}}