{"id":1102,"date":"2017-07-02T12:34:01","date_gmt":"2017-07-02T10:34:01","guid":{"rendered":"http:\/\/agora.xtec.cat\/zerlacerdanya\/?p=1102"},"modified":"2020-04-30T00:02:22","modified_gmt":"2020-04-29T22:02:22","slug":"expo-zer17-2","status":"publish","type":"post","link":"https:\/\/agora.xtec.cat\/zerlacerdanya\/general\/expo-zer17-2\/","title":{"rendered":"EXPO-ZER&#8217;17"},"content":{"rendered":"<p><a href=\"http:\/\/agora.xtec.cat\/zerlacerdanya\/wp-content\/uploads\/usu1355\/2017\/09\/EXPO.jpg\"><img loading=\"lazy\" decoding=\"async\" class=\"alignnone size-full wp-image-1107\" src=\"http:\/\/agora.xtec.cat\/zerlacerdanya\/wp-content\/uploads\/usu1355\/2017\/09\/EXPO.jpg\" alt=\"\" width=\"848\" height=\"636\" srcset=\"https:\/\/agora.xtec.cat\/zerlacerdanya\/wp-content\/uploads\/usu1355\/2017\/09\/EXPO.jpg 848w, https:\/\/agora.xtec.cat\/zerlacerdanya\/wp-content\/uploads\/usu1355\/2017\/09\/EXPO-300x225.jpg 300w, https:\/\/agora.xtec.cat\/zerlacerdanya\/wp-content\/uploads\/usu1355\/2017\/09\/EXPO-768x576.jpg 768w, https:\/\/agora.xtec.cat\/zerlacerdanya\/wp-content\/uploads\/usu1355\/2017\/09\/EXPO-200x150.jpg 200w\" sizes=\"auto, (max-width: 848px) 100vw, 848px\" \/><\/a>EL PASSAT 19 DE JUNY LA ZER AL COMPLET\u00a0 VA CELEBRAR L&#8217;EXPO-ZER&#8217;17 a l&#8217;escola Santa Coloma.<br \/>\nEls alumnes de la ZER van exposar a les fam\u00edlies els projectes i activitats que s&#8217;han desenvolupat al llarg d&#8217;aquest curs: Mir\u00f3, Mates al carrer, Esport Blanc, Conviv\u00e8ncia, Lleng\u00fces estrangeres.<br \/>\nPer la seva part, els alumnes d&#8217;Infantil van escenificar diferents sortides que han realitzat tots plegats com a ZER.<br \/>\nL&#8217;EXPO intentava assemblar-se el m\u00e0xim possible a una EXPO real: expositors, guies, reporters, c\u00e0tering&#8230;<br \/>\nTot un \u00e8xit que ha estat possible amb la col.laboraci\u00f3 i esfor\u00e7 de la comunitat educativa i diferents empreses i entitats ceretanes.<br \/>\nGR\u00c0CIES A TOTHOM!!!<br \/>\nEn aquests enlla\u00e7os podeu veure:<br \/>\n<em><strong>IMATGES<\/strong><\/em><\/p>\n","protected":false},"excerpt":{"rendered":"<p>EL PASSAT 19 DE JUNY ES VA CELEBRAR L&#8217;EXPO-ZER&#8217;17.<br \/>\nEls alumnes de la ZER van exposar a les fam\u00edlies&#8230;<\/p>\n","protected":false},"author":1,"featured_media":1103,"comment_status":"open","ping_status":"closed","sticky":false,"template":"","format":"standard","meta":{"_bbp_topic_count":0,"_bbp_reply_count":0,"_bbp_total_topic_count":0,"_bbp_total_reply_count":0,"_bbp_voice_count":0,"_bbp_anonymous_reply_count":0,"_bbp_topic_count_hidden":0,"_bbp_reply_count_hidden":0,"_bbp_forum_subforum_count":0,"site-sidebar-layout":"default","site-content-layout":"","ast-site-content-layout":"","site-content-style":"default","site-sidebar-style":"default","ast-global-header-display":"","ast-banner-title-visibility":"","ast-main-header-display":"","ast-hfb-above-header-display":"","ast-hfb-below-header-display":"","ast-hfb-mobile-header-display":"","site-post-title":"","ast-breadcrumbs-content":"","ast-featured-img":"","footer-sml-layout":"","theme-transparent-header-meta":"","adv-header-id-meta":"","stick-header-meta":"","header-above-stick-meta":"","header-main-stick-meta":"","header-below-stick-meta":"","astra-migrate-meta-layouts":"default","ast-page-background-enabled":"default","ast-page-background-meta":{"desktop":{"background-color":"var(--ast-global-color-4)","background-image":"","background-repeat":"repeat","background-position":"center center","background-size":"auto","background-attachment":"scroll","background-type":"","background-media":"","overlay-type":"","overlay-color":"","overlay-opacity":"","overlay-gradient":""},"tablet":{"background-color":"","background-image":"","background-repeat":"repeat","background-position":"center center","background-size":"auto","background-attachment":"scroll","background-type":"","background-media":"","overlay-type":"","overlay-color":"","overlay-opacity":"","overlay-gradient":""},"mobile":{"background-color":"","background-image":"","background-repeat":"repeat","background-position":"center center","background-size":"auto","background-attachment":"scroll","background-type":"","background-media":"","overlay-type":"","overlay-color":"","overlay-opacity":"","overlay-gradient":""}},"ast-content-background-meta":{"desktop":{"background-color":"var(--ast-global-color-5)","background-image":"","background-repeat":"repeat","background-position":"center center","background-size":"auto","background-attachment":"scroll","background-type":"","background-media":"","overlay-type":"","overlay-color":"","overlay-opacity":"","overlay-gradient":""},"tablet":{"background-color":"var(--ast-global-color-5)","background-image":"","background-repeat":"repeat","background-position":"center center","background-size":"auto","background-attachment":"scroll","background-type":"","background-media":"","overlay-type":"","overlay-color":"","overlay-opacity":"","overlay-gradient":""},"mobile":{"background-color":"var(--ast-global-color-5)","background-image":"","background-repeat":"repeat","background-position":"center center","background-size":"auto","background-attachment":"scroll","background-type":"","background-media":"","overlay-type":"","overlay-color":"","overlay-opacity":"","overlay-gradient":""}},"footnotes":""},"categories":[115,1,29],"tags":[124,125],"class_list":["post-1102","post","type-post","status-publish","format-standard","has-post-thumbnail","hentry","category-gebolli-2016-2017","category-general","category-portada","tag-expo-zer17","tag-intercicles"],"post_mailing_queue_ids":[],"_links":{"self":[{"href":"https:\/\/agora.xtec.cat\/zerlacerdanya\/wp-json\/wp\/v2\/posts\/1102","targetHints":{"allow":["GET"]}}],"collection":[{"href":"https:\/\/agora.xtec.cat\/zerlacerdanya\/wp-json\/wp\/v2\/posts"}],"about":[{"href":"https:\/\/agora.xtec.cat\/zerlacerdanya\/wp-json\/wp\/v2\/types\/post"}],"author":[{"embeddable":true,"href":"https:\/\/agora.xtec.cat\/zerlacerdanya\/wp-json\/wp\/v2\/users\/1"}],"replies":[{"embeddable":true,"href":"https:\/\/agora.xtec.cat\/zerlacerdanya\/wp-json\/wp\/v2\/comments?post=1102"}],"version-history":[{"count":3,"href":"https:\/\/agora.xtec.cat\/zerlacerdanya\/wp-json\/wp\/v2\/posts\/1102\/revisions"}],"predecessor-version":[{"id":1764,"href":"https:\/\/agora.xtec.cat\/zerlacerdanya\/wp-json\/wp\/v2\/posts\/1102\/revisions\/1764"}],"wp:featuredmedia":[{"embeddable":true,"href":"https:\/\/agora.xtec.cat\/zerlacerdanya\/wp-json\/wp\/v2\/media\/1103"}],"wp:attachment":[{"href":"https:\/\/agora.xtec.cat\/zerlacerdanya\/wp-json\/wp\/v2\/media?parent=1102"}],"wp:term":[{"taxonomy":"category","embeddable":true,"href":"https:\/\/agora.xtec.cat\/zerlacerdanya\/wp-json\/wp\/v2\/categories?post=1102"},{"taxonomy":"post_tag","embeddable":true,"href":"https:\/\/agora.xtec.cat\/zerlacerdanya\/wp-json\/wp\/v2\/tags?post=1102"}],"curies":[{"name":"wp","href":"https:\/\/api.w.org\/{rel}","templated":true}]}}