{"id":9372,"date":"2018-01-30T17:12:37","date_gmt":"2018-01-30T16:12:37","guid":{"rendered":"http:\/\/agora.xtec.cat\/zerguilleries\/?p=9372"},"modified":"2018-02-06T17:32:38","modified_gmt":"2018-02-06T16:32:38","slug":"denip-dia-escolar-de-la-no-violencia-i-pau","status":"publish","type":"post","link":"https:\/\/agora.xtec.cat\/zerguilleries\/escola-el-gurri\/denip-dia-escolar-de-la-no-violencia-i-pau\/","title":{"rendered":"DENIP &#8211; Dia escolar de la No Viol\u00e8ncia i Pau"},"content":{"rendered":"<p style=\"text-align: left;\">Avui hem celebrat el dia de la Pau. Hem fet els murals per penjar a l&#8217;escola, hem recordat els desitjos i les paraules boniques que vam treballar amb el molinet, hem llegit un manifest i hem fet un Time-Lapse amb el s\u00edmbol de la Pau. Ens ha agradat molt fer aquestes activitats!! I \u00e9s que&#8230;. Pau tamb\u00e9 \u00e9s conviure!<\/p>\n<p style=\"text-align: left;\">Us deixem un petit v\u00eddeo resum&#8230; si voleu m\u00e9s fotos premeu <a href=\"https:\/\/photos.app.goo.gl\/Etn8zkJekNCakru53\" target=\"_blank\" rel=\"noopener noreferrer\">AQU\u00cd<\/a><\/p>\n<p><iframe loading=\"lazy\" src=\"https:\/\/drive.google.com\/file\/d\/13bzK9ClDMfGzenMaV38ToZjPz5aCK7wa\/preview\" width=\"640\" height=\"480\"><\/iframe><\/p>\n","protected":false},"excerpt":{"rendered":"<p>Avui hem celebrat el dia de la Pau. Hem fet els murals per penjar a l&#8217;escola, hem recordat els desitjos i les paraules boniques que vam treballar amb el molinet, hem llegit un manifest i hem fet un Time-Lapse amb el s\u00edmbol de la Pau.&hellip;  <a href=\"https:\/\/agora.xtec.cat\/zerguilleries\/escola-el-gurri\/denip-dia-escolar-de-la-no-violencia-i-pau\/\" title=\"Read DENIP &#8211; Dia escolar de la No Viol\u00e8ncia i Pau\">Llegeix m\u00e9s\u00bb<\/a><\/p>\n","protected":false},"author":14,"featured_media":0,"comment_status":"open","ping_status":"closed","sticky":false,"template":"","format":"standard","meta":{"footnotes":""},"categories":[73,92,93,68,122,71],"tags":[201,117,118,119,223,116,177],"class_list":["post-9372","post","type-post","status-publish","format-standard","hentry","category-ci-escola-el-gurri","category-cm-escola-el-gurri","category-cs-escola-el-gurri","category-escola-el-gurri","category-general-escola-el-gurri","category-p3-p4-p5-escola-el-gurri","tag-activitats","tag-cicle-inicial","tag-cicle-mitja","tag-cicle-superior","tag-curs-17-18","tag-educacio-infantil","tag-festa-de-la-pau"],"post_mailing_queue_ids":[],"_links":{"self":[{"href":"https:\/\/agora.xtec.cat\/zerguilleries\/wp-json\/wp\/v2\/posts\/9372","targetHints":{"allow":["GET"]}}],"collection":[{"href":"https:\/\/agora.xtec.cat\/zerguilleries\/wp-json\/wp\/v2\/posts"}],"about":[{"href":"https:\/\/agora.xtec.cat\/zerguilleries\/wp-json\/wp\/v2\/types\/post"}],"author":[{"embeddable":true,"href":"https:\/\/agora.xtec.cat\/zerguilleries\/wp-json\/wp\/v2\/users\/14"}],"replies":[{"embeddable":true,"href":"https:\/\/agora.xtec.cat\/zerguilleries\/wp-json\/wp\/v2\/comments?post=9372"}],"version-history":[{"count":2,"href":"https:\/\/agora.xtec.cat\/zerguilleries\/wp-json\/wp\/v2\/posts\/9372\/revisions"}],"predecessor-version":[{"id":9374,"href":"https:\/\/agora.xtec.cat\/zerguilleries\/wp-json\/wp\/v2\/posts\/9372\/revisions\/9374"}],"wp:attachment":[{"href":"https:\/\/agora.xtec.cat\/zerguilleries\/wp-json\/wp\/v2\/media?parent=9372"}],"wp:term":[{"taxonomy":"category","embeddable":true,"href":"https:\/\/agora.xtec.cat\/zerguilleries\/wp-json\/wp\/v2\/categories?post=9372"},{"taxonomy":"post_tag","embeddable":true,"href":"https:\/\/agora.xtec.cat\/zerguilleries\/wp-json\/wp\/v2\/tags?post=9372"}],"curies":[{"name":"wp","href":"https:\/\/api.w.org\/{rel}","templated":true}]}}