{"id":13053,"date":"2024-02-13T17:26:03","date_gmt":"2024-02-13T16:26:03","guid":{"rendered":"https:\/\/agora.xtec.cat\/zerguilleries\/?p=13053"},"modified":"2024-02-13T17:27:58","modified_gmt":"2024-02-13T16:27:58","slug":"projecte-de-cm-laigua-i-els-amfibis","status":"publish","type":"post","link":"https:\/\/agora.xtec.cat\/zerguilleries\/escola-castanyers\/projecte-de-cm-laigua-i-els-amfibis\/","title":{"rendered":"Projecte de CM &#8220;L&#8217;aigua i els amfibis&#8221;"},"content":{"rendered":"<p>A cicle mitj\u00e0 hem fet el projecte sobre l&#8217;aigua i els amfibis. Hem apr\u00e8s moltes coses i ens ha agradat molt fer l&#8217;exposici\u00f3 de les maquetes. Amb aquest projecte hem conegut un animal molt especial del Montseny i que est\u00e0 en perill, el trit\u00f3. L&#8217;aigua \u00e9s molt important per als amfibis i tamb\u00e9 per a tots els \u00e9ssers vius. No podem malgastar-la i hem de prendre mesures, sobretot ara que hi ha sequera. Per aix\u00f2, tamb\u00e9 hem fet uns cartells per recordar que ho hem de tenir present.<\/p>\n<p><a href=\"https:\/\/agora.xtec.cat\/zerguilleries\/wp-content\/uploads\/usu67\/2024\/02\/1707839195809-rotated-e1707841415782.jpg\"><img loading=\"lazy\" decoding=\"async\" class=\"wp-image-13054 aligncenter\" src=\"https:\/\/agora.xtec.cat\/zerguilleries\/wp-content\/uploads\/usu67\/2024\/02\/1707839195809-rotated-e1707841415782-1024x542.jpg\" alt=\"\" width=\"476\" height=\"252\" srcset=\"https:\/\/agora.xtec.cat\/zerguilleries\/wp-content\/uploads\/usu67\/2024\/02\/1707839195809-rotated-e1707841415782-1024x542.jpg 1024w, https:\/\/agora.xtec.cat\/zerguilleries\/wp-content\/uploads\/usu67\/2024\/02\/1707839195809-rotated-e1707841415782-300x159.jpg 300w, https:\/\/agora.xtec.cat\/zerguilleries\/wp-content\/uploads\/usu67\/2024\/02\/1707839195809-rotated-e1707841415782-768x407.jpg 768w, https:\/\/agora.xtec.cat\/zerguilleries\/wp-content\/uploads\/usu67\/2024\/02\/1707839195809-rotated-e1707841415782.jpg 1333w\" sizes=\"auto, (max-width: 476px) 100vw, 476px\" \/><\/a><\/p>\n","protected":false},"excerpt":{"rendered":"<p>A cicle mitj\u00e0 hem fet el projecte sobre l&#8217;aigua i els amfibis. Hem apr\u00e8s moltes coses i ens ha agradat molt fer l&#8217;exposici\u00f3 de les maquetes. Amb aquest projecte hem conegut un animal molt especial del Montseny i que est\u00e0 en perill, el trit\u00f3. L&#8217;aigua&hellip;  <a href=\"https:\/\/agora.xtec.cat\/zerguilleries\/escola-castanyers\/projecte-de-cm-laigua-i-els-amfibis\/\" title=\"Read Projecte de CM &#8220;L&#8217;aigua i els amfibis&#8221;\">Llegeix m\u00e9s\u00bb<\/a><\/p>\n","protected":false},"author":41,"featured_media":0,"comment_status":"open","ping_status":"closed","sticky":false,"template":"","format":"standard","meta":{"footnotes":""},"categories":[59,171],"tags":[],"class_list":["post-13053","post","type-post","status-publish","format-standard","hentry","category-escola-castanyers","category-cm-castanyers-escola-castanyers"],"post_mailing_queue_ids":[],"_links":{"self":[{"href":"https:\/\/agora.xtec.cat\/zerguilleries\/wp-json\/wp\/v2\/posts\/13053","targetHints":{"allow":["GET"]}}],"collection":[{"href":"https:\/\/agora.xtec.cat\/zerguilleries\/wp-json\/wp\/v2\/posts"}],"about":[{"href":"https:\/\/agora.xtec.cat\/zerguilleries\/wp-json\/wp\/v2\/types\/post"}],"author":[{"embeddable":true,"href":"https:\/\/agora.xtec.cat\/zerguilleries\/wp-json\/wp\/v2\/users\/41"}],"replies":[{"embeddable":true,"href":"https:\/\/agora.xtec.cat\/zerguilleries\/wp-json\/wp\/v2\/comments?post=13053"}],"version-history":[{"count":4,"href":"https:\/\/agora.xtec.cat\/zerguilleries\/wp-json\/wp\/v2\/posts\/13053\/revisions"}],"predecessor-version":[{"id":13058,"href":"https:\/\/agora.xtec.cat\/zerguilleries\/wp-json\/wp\/v2\/posts\/13053\/revisions\/13058"}],"wp:attachment":[{"href":"https:\/\/agora.xtec.cat\/zerguilleries\/wp-json\/wp\/v2\/media?parent=13053"}],"wp:term":[{"taxonomy":"category","embeddable":true,"href":"https:\/\/agora.xtec.cat\/zerguilleries\/wp-json\/wp\/v2\/categories?post=13053"},{"taxonomy":"post_tag","embeddable":true,"href":"https:\/\/agora.xtec.cat\/zerguilleries\/wp-json\/wp\/v2\/tags?post=13053"}],"curies":[{"name":"wp","href":"https:\/\/api.w.org\/{rel}","templated":true}]}}