{"id":12504,"date":"2023-01-04T13:31:03","date_gmt":"2023-01-04T12:31:03","guid":{"rendered":"https:\/\/agora.xtec.cat\/zerguilleries\/?p=12504"},"modified":"2023-01-04T13:33:41","modified_gmt":"2023-01-04T12:33:41","slug":"el-nadal-a-lescola","status":"publish","type":"post","link":"https:\/\/agora.xtec.cat\/zerguilleries\/escola-castanyers\/el-nadal-a-lescola\/","title":{"rendered":"El Nadal a l&#8217;escola"},"content":{"rendered":"<p style=\"text-align: justify;\">Aquest curs a l&#8217;escola hem celebrat el Nadal fent moltes activitats diferents; el taller de fanalets, el detallet de nadal, cagar el ti\u00f3, l&#8217;amic invisible, la xocolatada, l&#8217;arribada del patge reial a l&#8217;escola i com cada any vam voler compartir amb tot el poble de Viladrau l&#8217;espectacle &#8221; Viu el Nadal&#8221;.<\/p>\n<p style=\"text-align: justify;\">\u00c9s aix\u00ed com celebrem aquests \u00faltims dies de trimestre a la nostra escola.<\/p>\n<p style=\"text-align: justify;\">Si voleu veure m\u00e9s fotografies, les trobareu a l&#8217;apartat de &#8220;<a href=\"https:\/\/agora.xtec.cat\/zerguilleries\/fotografies-escola\/\">Les nostres fotografies<\/a>&#8220;.<\/p>\n<p><img loading=\"lazy\" decoding=\"async\" class=\"aligncenter size-full wp-image-12505\" src=\"https:\/\/agora.xtec.cat\/zerguilleries\/wp-content\/uploads\/usu67\/2023\/01\/nadal.jpg\" alt=\"\" width=\"2048\" height=\"1536\" srcset=\"https:\/\/agora.xtec.cat\/zerguilleries\/wp-content\/uploads\/usu67\/2023\/01\/nadal.jpg 2048w, https:\/\/agora.xtec.cat\/zerguilleries\/wp-content\/uploads\/usu67\/2023\/01\/nadal-300x225.jpg 300w, https:\/\/agora.xtec.cat\/zerguilleries\/wp-content\/uploads\/usu67\/2023\/01\/nadal-1024x768.jpg 1024w, https:\/\/agora.xtec.cat\/zerguilleries\/wp-content\/uploads\/usu67\/2023\/01\/nadal-768x576.jpg 768w, https:\/\/agora.xtec.cat\/zerguilleries\/wp-content\/uploads\/usu67\/2023\/01\/nadal-1536x1152.jpg 1536w, https:\/\/agora.xtec.cat\/zerguilleries\/wp-content\/uploads\/usu67\/2023\/01\/nadal-200x150.jpg 200w\" sizes=\"auto, (max-width: 2048px) 100vw, 2048px\" \/><\/p>\n","protected":false},"excerpt":{"rendered":"<p>Aquest curs a l&#8217;escola hem celebrat el Nadal fent moltes activitats diferents; el taller de fanalets, el detallet de nadal, cagar el ti\u00f3, l&#8217;amic invisible, la xocolatada, l&#8217;arribada del patge reial a l&#8217;escola i com cada any vam voler compartir amb tot el poble de&hellip;  <a href=\"https:\/\/agora.xtec.cat\/zerguilleries\/escola-castanyers\/el-nadal-a-lescola\/\" title=\"Read El Nadal a l&#8217;escola\">Llegeix m\u00e9s\u00bb<\/a><\/p>\n","protected":false},"author":1,"featured_media":0,"comment_status":"open","ping_status":"closed","sticky":false,"template":"","format":"standard","meta":{"footnotes":""},"categories":[59,173,170,171,172],"tags":[],"class_list":["post-12504","post","type-post","status-publish","format-standard","hentry","category-escola-castanyers","category-infantil","category-ci-castanyers-escola-castanyers","category-cm-castanyers-escola-castanyers","category-cs-castanyers-escola-castanyers"],"post_mailing_queue_ids":[],"_links":{"self":[{"href":"https:\/\/agora.xtec.cat\/zerguilleries\/wp-json\/wp\/v2\/posts\/12504","targetHints":{"allow":["GET"]}}],"collection":[{"href":"https:\/\/agora.xtec.cat\/zerguilleries\/wp-json\/wp\/v2\/posts"}],"about":[{"href":"https:\/\/agora.xtec.cat\/zerguilleries\/wp-json\/wp\/v2\/types\/post"}],"author":[{"embeddable":true,"href":"https:\/\/agora.xtec.cat\/zerguilleries\/wp-json\/wp\/v2\/users\/1"}],"replies":[{"embeddable":true,"href":"https:\/\/agora.xtec.cat\/zerguilleries\/wp-json\/wp\/v2\/comments?post=12504"}],"version-history":[{"count":3,"href":"https:\/\/agora.xtec.cat\/zerguilleries\/wp-json\/wp\/v2\/posts\/12504\/revisions"}],"predecessor-version":[{"id":12509,"href":"https:\/\/agora.xtec.cat\/zerguilleries\/wp-json\/wp\/v2\/posts\/12504\/revisions\/12509"}],"wp:attachment":[{"href":"https:\/\/agora.xtec.cat\/zerguilleries\/wp-json\/wp\/v2\/media?parent=12504"}],"wp:term":[{"taxonomy":"category","embeddable":true,"href":"https:\/\/agora.xtec.cat\/zerguilleries\/wp-json\/wp\/v2\/categories?post=12504"},{"taxonomy":"post_tag","embeddable":true,"href":"https:\/\/agora.xtec.cat\/zerguilleries\/wp-json\/wp\/v2\/tags?post=12504"}],"curies":[{"name":"wp","href":"https:\/\/api.w.org\/{rel}","templated":true}]}}