{"id":12416,"date":"2022-11-23T09:53:28","date_gmt":"2022-11-23T08:53:28","guid":{"rendered":"https:\/\/agora.xtec.cat\/zerguilleries\/?p=12416"},"modified":"2023-01-12T12:10:43","modified_gmt":"2023-01-12T11:10:43","slug":"setmana-europea-de-prevencio-de-residus-3","status":"publish","type":"post","link":"https:\/\/agora.xtec.cat\/zerguilleries\/escola-castanyers\/setmana-europea-de-prevencio-de-residus-3\/","title":{"rendered":"Setmana Europea de Prevenci\u00f3 de Residus"},"content":{"rendered":"<p style=\"text-align: justify;\"><img loading=\"lazy\" decoding=\"async\" class=\"wp-image-12419 alignleft\" style=\"text-align: justify;\" src=\"https:\/\/agora.xtec.cat\/zerguilleries\/wp-content\/uploads\/usu67\/2022\/11\/setmana-europea-de-prevencio-de-residus-2022-2.jpg\" alt=\"\" width=\"293\" height=\"178\" srcset=\"https:\/\/agora.xtec.cat\/zerguilleries\/wp-content\/uploads\/usu67\/2022\/11\/setmana-europea-de-prevencio-de-residus-2022-2.jpg 750w, https:\/\/agora.xtec.cat\/zerguilleries\/wp-content\/uploads\/usu67\/2022\/11\/setmana-europea-de-prevencio-de-residus-2022-2-300x183.jpg 300w\" sizes=\"auto, (max-width: 293px) 100vw, 293px\" \/><span style=\"font-size: 12pt;\">Aquest any la Setmana Europea de Prevenci\u00f3 de Residus est\u00e0 dedicada al t\u00e8xtil. <\/span><span style=\"font-size: 10pt;\"><span style=\"font-size: 12pt;\">Els t\u00e8xtils s\u00f3n la quarta categoria que exerceix una major pressi\u00f3 en l&#8217;\u00fas de mat\u00e8ries primeres i aigua, despr\u00e9s dels aliments, l&#8217;habitatge i el transport, i la cinquena en emissions de Gasos d\u2019Efecte Hivernacle (GEH). Es calcula que menys de l&#8217;1% de tots els t\u00e8xtils del m\u00f3n es reciclen en nous t\u00e8xtils. A Catalunya el nivell de recollida selectiva dels residus t\u00e8xtils \u00e9s menor al 15%.<\/span><\/span><span style=\"font-size: 12pt; font-family: inherit;\">A l&#8217;escola al llarg d&#8217;aquesta setmana estem portant a terme diferents iniciatives amb roba que els i les alumnes han portat. A CS hem fet un tallers de banderoles organitzat per la Mancomunitat la Plana i a m\u00e9s estem fent la decoraci\u00f3 nadalenca amb roba a tots els nivells educatius de l&#8217;escola. <\/span><strong style=\"font-size: 12pt; font-family: inherit;\">Aprenem les 3R: REDU\u00cfR,RECICLAR i REUTILITZAR.<\/strong><\/p>\n<p style=\"text-align: justify;\"><span style=\"font-size: 10pt;\"><span style=\"font-size: 12pt;\"><img loading=\"lazy\" decoding=\"async\" class=\"wp-image-12418 alignleft\" src=\"https:\/\/agora.xtec.cat\/zerguilleries\/wp-content\/uploads\/usu67\/2022\/11\/IMG-20221122-WA0022.jpg\" alt=\"\" width=\"143\" height=\"107\" srcset=\"https:\/\/agora.xtec.cat\/zerguilleries\/wp-content\/uploads\/usu67\/2022\/11\/IMG-20221122-WA0022.jpg 1024w, https:\/\/agora.xtec.cat\/zerguilleries\/wp-content\/uploads\/usu67\/2022\/11\/IMG-20221122-WA0022-300x225.jpg 300w, https:\/\/agora.xtec.cat\/zerguilleries\/wp-content\/uploads\/usu67\/2022\/11\/IMG-20221122-WA0022-768x576.jpg 768w, https:\/\/agora.xtec.cat\/zerguilleries\/wp-content\/uploads\/usu67\/2022\/11\/IMG-20221122-WA0022-200x150.jpg 200w\" sizes=\"auto, (max-width: 143px) 100vw, 143px\" \/> <\/span><\/span><\/p>\n<p style=\"text-align: justify;\"><img loading=\"lazy\" decoding=\"async\" class=\"wp-image-12420 alignleft\" src=\"https:\/\/agora.xtec.cat\/zerguilleries\/wp-content\/uploads\/usu67\/2022\/11\/IMG-20221122-WA0030.jpg\" alt=\"\" width=\"141\" height=\"106\" srcset=\"https:\/\/agora.xtec.cat\/zerguilleries\/wp-content\/uploads\/usu67\/2022\/11\/IMG-20221122-WA0030.jpg 1024w, https:\/\/agora.xtec.cat\/zerguilleries\/wp-content\/uploads\/usu67\/2022\/11\/IMG-20221122-WA0030-300x225.jpg 300w, https:\/\/agora.xtec.cat\/zerguilleries\/wp-content\/uploads\/usu67\/2022\/11\/IMG-20221122-WA0030-768x576.jpg 768w, https:\/\/agora.xtec.cat\/zerguilleries\/wp-content\/uploads\/usu67\/2022\/11\/IMG-20221122-WA0030-200x150.jpg 200w\" sizes=\"auto, (max-width: 141px) 100vw, 141px\" \/><\/p>\n<p><img loading=\"lazy\" decoding=\"async\" class=\" wp-image-12515\" src=\"https:\/\/agora.xtec.cat\/zerguilleries\/wp-content\/uploads\/usu67\/2022\/11\/Icona_programa_escoles_verdes_color.jpg\" alt=\"\" width=\"90\" height=\"92\" srcset=\"https:\/\/agora.xtec.cat\/zerguilleries\/wp-content\/uploads\/usu67\/2022\/11\/Icona_programa_escoles_verdes_color.jpg 311w, https:\/\/agora.xtec.cat\/zerguilleries\/wp-content\/uploads\/usu67\/2022\/11\/Icona_programa_escoles_verdes_color-294x300.jpg 294w\" sizes=\"auto, (max-width: 90px) 100vw, 90px\" \/><\/p>\n","protected":false},"excerpt":{"rendered":"<p>Aquest any la Setmana Europea de Prevenci\u00f3 de Residus est\u00e0 dedicada al t\u00e8xtil. Els t\u00e8xtils s\u00f3n la quarta categoria que exerceix una major pressi\u00f3 en l&#8217;\u00fas de mat\u00e8ries primeres i aigua, despr\u00e9s dels aliments, l&#8217;habitatge i el transport, i la cinquena en emissions de Gasos&hellip;  <a href=\"https:\/\/agora.xtec.cat\/zerguilleries\/escola-castanyers\/setmana-europea-de-prevencio-de-residus-3\/\" title=\"Read Setmana Europea de Prevenci\u00f3 de Residus\">Llegeix m\u00e9s\u00bb<\/a><\/p>\n","protected":false},"author":1,"featured_media":0,"comment_status":"open","ping_status":"closed","sticky":false,"template":"","format":"standard","meta":{"footnotes":""},"categories":[59,173,170,171],"tags":[],"class_list":["post-12416","post","type-post","status-publish","format-standard","hentry","category-escola-castanyers","category-infantil","category-ci-castanyers-escola-castanyers","category-cm-castanyers-escola-castanyers"],"post_mailing_queue_ids":[],"_links":{"self":[{"href":"https:\/\/agora.xtec.cat\/zerguilleries\/wp-json\/wp\/v2\/posts\/12416","targetHints":{"allow":["GET"]}}],"collection":[{"href":"https:\/\/agora.xtec.cat\/zerguilleries\/wp-json\/wp\/v2\/posts"}],"about":[{"href":"https:\/\/agora.xtec.cat\/zerguilleries\/wp-json\/wp\/v2\/types\/post"}],"author":[{"embeddable":true,"href":"https:\/\/agora.xtec.cat\/zerguilleries\/wp-json\/wp\/v2\/users\/1"}],"replies":[{"embeddable":true,"href":"https:\/\/agora.xtec.cat\/zerguilleries\/wp-json\/wp\/v2\/comments?post=12416"}],"version-history":[{"count":3,"href":"https:\/\/agora.xtec.cat\/zerguilleries\/wp-json\/wp\/v2\/posts\/12416\/revisions"}],"predecessor-version":[{"id":12517,"href":"https:\/\/agora.xtec.cat\/zerguilleries\/wp-json\/wp\/v2\/posts\/12416\/revisions\/12517"}],"wp:attachment":[{"href":"https:\/\/agora.xtec.cat\/zerguilleries\/wp-json\/wp\/v2\/media?parent=12416"}],"wp:term":[{"taxonomy":"category","embeddable":true,"href":"https:\/\/agora.xtec.cat\/zerguilleries\/wp-json\/wp\/v2\/categories?post=12416"},{"taxonomy":"post_tag","embeddable":true,"href":"https:\/\/agora.xtec.cat\/zerguilleries\/wp-json\/wp\/v2\/tags?post=12416"}],"curies":[{"name":"wp","href":"https:\/\/api.w.org\/{rel}","templated":true}]}}