{"id":12218,"date":"2022-09-20T15:06:44","date_gmt":"2022-09-20T13:06:44","guid":{"rendered":"https:\/\/agora.xtec.cat\/zerguilleries\/?p=12218"},"modified":"2022-10-14T14:14:08","modified_gmt":"2022-10-14T12:14:08","slug":"festa-major-dels-castanyers","status":"publish","type":"post","link":"https:\/\/agora.xtec.cat\/zerguilleries\/escola-castanyers\/festa-major-dels-castanyers\/","title":{"rendered":"Festa Major dels Castanyers"},"content":{"rendered":"<p>Ja hem iniciat un nou curs replet de novetats i ganes d&#8217;aprendre moltes coses. Enguany l&#8217;hem inaugurat coincidint amb la festa major del poble. Aix\u00ed doncs, hem aprofitat l&#8217;avinentesa per celebrar la nostra pr\u00f2pia Festa Major a l&#8217;escola. Dins la nostra programaci\u00f3 hem pogut gaudir del preg\u00f3 de la Merc\u00e8 Coma, la presentaci\u00f3 dels gegants Serrallonga i Maria Joaneta i els correfocs, i de moltes festivitats com el ball de confeti, jocs de cucanya, el ball de la patata, l&#8217;espectacle infantil d&#8217;en Jaume Barri i moltes coses m\u00e9s.<\/p>\n<p>Gr\u00e0cies a l&#8217;escalf de l&#8217;entitat del poble &#8220;La Diab\u00f2lica Castanyera&#8221;, i de la col\u00b7laboraci\u00f3 de l&#8217;Ajuntament de Viladrau hem pogut gaudir d&#8217;una magn\u00edfica festa major.<\/p>\n<p>Gr\u00e0cies a tothom per a poder-ho fer possible! Trobareu les fotografies a l`apartat <strong>&#8220;Les nostres fotografies&#8221;<\/strong><\/p>\n<p><img loading=\"lazy\" decoding=\"async\" class=\"aligncenter size-full wp-image-12219\" src=\"https:\/\/agora.xtec.cat\/zerguilleries\/wp-content\/uploads\/usu67\/2022\/09\/IMG-20220907-WA0012.jpg\" alt=\"\" width=\"768\" height=\"1024\" srcset=\"https:\/\/agora.xtec.cat\/zerguilleries\/wp-content\/uploads\/usu67\/2022\/09\/IMG-20220907-WA0012.jpg 768w, https:\/\/agora.xtec.cat\/zerguilleries\/wp-content\/uploads\/usu67\/2022\/09\/IMG-20220907-WA0012-225x300.jpg 225w\" sizes=\"auto, (max-width: 768px) 100vw, 768px\" \/><\/p>\n<p>&nbsp;<\/p>\n","protected":false},"excerpt":{"rendered":"<p>Ja hem iniciat un nou curs replet de novetats i ganes d&#8217;aprendre moltes coses. Enguany l&#8217;hem inaugurat coincidint amb la festa major del poble. Aix\u00ed doncs, hem aprofitat l&#8217;avinentesa per celebrar la nostra pr\u00f2pia Festa Major a l&#8217;escola. Dins la nostra programaci\u00f3 hem pogut gaudir&hellip;  <a href=\"https:\/\/agora.xtec.cat\/zerguilleries\/escola-castanyers\/festa-major-dels-castanyers\/\" title=\"Read Festa Major dels Castanyers\">Llegeix m\u00e9s\u00bb<\/a><\/p>\n","protected":false},"author":1,"featured_media":0,"comment_status":"open","ping_status":"closed","sticky":false,"template":"","format":"standard","meta":{"footnotes":""},"categories":[59,173,170,171,172],"tags":[],"class_list":["post-12218","post","type-post","status-publish","format-standard","hentry","category-escola-castanyers","category-infantil","category-ci-castanyers-escola-castanyers","category-cm-castanyers-escola-castanyers","category-cs-castanyers-escola-castanyers"],"post_mailing_queue_ids":[],"_links":{"self":[{"href":"https:\/\/agora.xtec.cat\/zerguilleries\/wp-json\/wp\/v2\/posts\/12218","targetHints":{"allow":["GET"]}}],"collection":[{"href":"https:\/\/agora.xtec.cat\/zerguilleries\/wp-json\/wp\/v2\/posts"}],"about":[{"href":"https:\/\/agora.xtec.cat\/zerguilleries\/wp-json\/wp\/v2\/types\/post"}],"author":[{"embeddable":true,"href":"https:\/\/agora.xtec.cat\/zerguilleries\/wp-json\/wp\/v2\/users\/1"}],"replies":[{"embeddable":true,"href":"https:\/\/agora.xtec.cat\/zerguilleries\/wp-json\/wp\/v2\/comments?post=12218"}],"version-history":[{"count":2,"href":"https:\/\/agora.xtec.cat\/zerguilleries\/wp-json\/wp\/v2\/posts\/12218\/revisions"}],"predecessor-version":[{"id":12342,"href":"https:\/\/agora.xtec.cat\/zerguilleries\/wp-json\/wp\/v2\/posts\/12218\/revisions\/12342"}],"wp:attachment":[{"href":"https:\/\/agora.xtec.cat\/zerguilleries\/wp-json\/wp\/v2\/media?parent=12218"}],"wp:term":[{"taxonomy":"category","embeddable":true,"href":"https:\/\/agora.xtec.cat\/zerguilleries\/wp-json\/wp\/v2\/categories?post=12218"},{"taxonomy":"post_tag","embeddable":true,"href":"https:\/\/agora.xtec.cat\/zerguilleries\/wp-json\/wp\/v2\/tags?post=12218"}],"curies":[{"name":"wp","href":"https:\/\/api.w.org\/{rel}","templated":true}]}}