{"id":11041,"date":"2020-09-08T11:08:13","date_gmt":"2020-09-08T09:08:13","guid":{"rendered":"https:\/\/agora.xtec.cat\/zerguilleries\/?p=11041"},"modified":"2020-09-08T11:11:54","modified_gmt":"2020-09-08T09:11:54","slug":"proposta-per-la-fira-de-la-castanya","status":"publish","type":"post","link":"https:\/\/agora.xtec.cat\/zerguilleries\/ampa\/proposta-per-la-fira-de-la-castanya\/","title":{"rendered":"Proposta per la Fira de la Castanya"},"content":{"rendered":"<p>Hola families!<\/p>\n<p>Comencem un nou curs, i amb l&#8217;inici d&#8217;aquest l&#8217;AFA ja est\u00e0 treballant en com encarar la fira de la castanya. Ser\u00e0 una fira diferent per la realitat que estem vivint, aix\u00ed que us prensentem la proposta que aquest any es portar\u00e0 a terme. Contem amb vosaltres! \u00a0\u00a0 <a href=\"https:\/\/agora.xtec.cat\/zerguilleries\/wp-content\/uploads\/usu67\/2020\/09\/ACTA-AFA-25.08.2020.pdf\">ACTA AFA 25.08.2020<\/a><\/p>\n","protected":false},"excerpt":{"rendered":"<p>Hola families!<br \/>\nComencem un nou curs, i amb l&#8217;inici d&#8217;aquest l&#8217;AFA ja est\u00e0 treballant en com encarar la fira de la castanya. Ser\u00e0 una fira diferent per la realitat que estem vivint, aix\u00ed que us prensentem la proposta que aquest any es portar\u00e0 a terme. Contem&hellip;  <a href=\"https:\/\/agora.xtec.cat\/zerguilleries\/ampa\/proposta-per-la-fira-de-la-castanya\/\" title=\"Read Proposta per la Fira de la Castanya\">Llegeix m\u00e9s\u00bb<\/a><\/p>\n","protected":false},"author":38,"featured_media":0,"comment_status":"open","ping_status":"closed","sticky":false,"template":"","format":"standard","meta":{"footnotes":""},"categories":[31,231],"tags":[],"class_list":["post-11041","post","type-post","status-publish","format-standard","hentry","category-ampa","category-ampa-afa"],"post_mailing_queue_ids":[],"_links":{"self":[{"href":"https:\/\/agora.xtec.cat\/zerguilleries\/wp-json\/wp\/v2\/posts\/11041","targetHints":{"allow":["GET"]}}],"collection":[{"href":"https:\/\/agora.xtec.cat\/zerguilleries\/wp-json\/wp\/v2\/posts"}],"about":[{"href":"https:\/\/agora.xtec.cat\/zerguilleries\/wp-json\/wp\/v2\/types\/post"}],"author":[{"embeddable":true,"href":"https:\/\/agora.xtec.cat\/zerguilleries\/wp-json\/wp\/v2\/users\/38"}],"replies":[{"embeddable":true,"href":"https:\/\/agora.xtec.cat\/zerguilleries\/wp-json\/wp\/v2\/comments?post=11041"}],"version-history":[{"count":2,"href":"https:\/\/agora.xtec.cat\/zerguilleries\/wp-json\/wp\/v2\/posts\/11041\/revisions"}],"predecessor-version":[{"id":11044,"href":"https:\/\/agora.xtec.cat\/zerguilleries\/wp-json\/wp\/v2\/posts\/11041\/revisions\/11044"}],"wp:attachment":[{"href":"https:\/\/agora.xtec.cat\/zerguilleries\/wp-json\/wp\/v2\/media?parent=11041"}],"wp:term":[{"taxonomy":"category","embeddable":true,"href":"https:\/\/agora.xtec.cat\/zerguilleries\/wp-json\/wp\/v2\/categories?post=11041"},{"taxonomy":"post_tag","embeddable":true,"href":"https:\/\/agora.xtec.cat\/zerguilleries\/wp-json\/wp\/v2\/tags?post=11041"}],"curies":[{"name":"wp","href":"https:\/\/api.w.org\/{rel}","templated":true}]}}