{"id":7877,"date":"2026-03-11T15:32:03","date_gmt":"2026-03-11T14:32:03","guid":{"rendered":"https:\/\/agora.xtec.cat\/zerguicivervi\/?p=7877"},"modified":"2026-03-12T13:56:42","modified_gmt":"2026-03-12T12:56:42","slug":"sortida-de-zer-deducacio-infantil-a-la-ciutat-de-tarrega","status":"publish","type":"post","link":"https:\/\/agora.xtec.cat\/zerguicivervi\/general\/sortida-de-zer-deducacio-infantil-a-la-ciutat-de-tarrega\/","title":{"rendered":"Sortida de ZER d&#8217;educaci\u00f3 infantil a la ciutat de T\u00e0rrega"},"content":{"rendered":"<p style=\"text-align: justify;\" data-pm-slice=\"1 1 []\">El dia 10 de mar\u00e7 els i les alumnes d\u2019educaci\u00f3 infantil de la ZER vam realitzar la sortida a la ciutat de T\u00e0rrega. Va ser un dia molt profit\u00f3s! Vam comen\u00e7ar el dia visitant la comissaria dels Mossos d\u2019Esquadra. L\u2019agent Encarna ens va acompanyar durant tot el recorregut. En primer lloc, va explicar-nos el material de treball que fan servir durant el seu dia a dia (el cintur\u00f3, les manilles, el xiulet, etc.). Durant aquesta estona, tamb\u00e9 vam poder crear el nostre propi carnet de mosso d\u2019esquadra i vam deixar estampats els nostres ditets! \u00a0Seguidament, vam fer una descoberta per les instal\u00b7lacions de la comissaria, vam veure la gargoles i vam poder pujar a un vehicle!\u00a0 Fins i tot, quan vam acabar, ens van regalar una boina de policia de cartr\u00f3!<\/p>\n<p>Despr\u00e9s d\u2019aquesta visita tan intensa, vam fer una bona caminada fins als bombers! All\u00e0 ens esperava un equip de bombers molt simp\u00e0tics! Amb el seu acompanyament, vam con\u00e8ixer com \u00e9s el seu dia a dia a dins del parc. Vam visitar les instal\u00b7lacions (les seves habitacions, la cuina, el menjador, els canviadors, el gimn\u00e0s, etc.). Tamb\u00e9 ens van ensenyar els seus diferents camions amb tots els detalls, ens vam poder emprovar els seus uniformes i cascs i, fins i tot, ens van deixar obrir la m\u00e0nega amb aigua!<\/p>\n<p>Despr\u00e9s de tota aquesta aventura, vam anar a dinar al parc del carrer Rosa Sensat i vam poder gaudir d&#8217;aquesta zona que ens era desconeguda! Vam acabar la tarda jugant una estona a la Pla\u00e7a de les Nacions.<\/p>\n<p>Va ser un dia molt emocionant! Us deixem amb alguns dels moments bonics que vam viure!<\/p>\n<p>Fins a la pr\u00f2xima!<\/p>\n<p><a href=\"https:\/\/photos.app.goo.gl\/gTPsef9M4iwiVAFv7\"><img loading=\"lazy\" decoding=\"async\" class=\"alignnone wp-image-7878 size-large\" src=\"https:\/\/agora.xtec.cat\/zerguicivervi\/wp-content\/uploads\/usu1658\/2026\/03\/poli-1024x575.jpg\" alt=\"\" width=\"1024\" height=\"575\" srcset=\"https:\/\/agora.xtec.cat\/zerguicivervi\/wp-content\/uploads\/usu1658\/2026\/03\/poli-1024x575.jpg 1024w, https:\/\/agora.xtec.cat\/zerguicivervi\/wp-content\/uploads\/usu1658\/2026\/03\/poli-300x169.jpg 300w, https:\/\/agora.xtec.cat\/zerguicivervi\/wp-content\/uploads\/usu1658\/2026\/03\/poli-768x431.jpg 768w, https:\/\/agora.xtec.cat\/zerguicivervi\/wp-content\/uploads\/usu1658\/2026\/03\/poli.jpg 1440w\" sizes=\"auto, (max-width: 1024px) 100vw, 1024px\" \/><\/a><\/p>\n<p>&nbsp;<\/p>\n","protected":false},"excerpt":{"rendered":"<p>El dia 10 de mar\u00e7 els i les alumnes d\u2019educaci\u00f3 infantil de la ZER vam realitzar la sortida a la ciutat de T\u00e0rrega. Va ser un dia molt profit\u00f3s! Vam comen\u00e7ar el dia visitant la comissaria dels Mossos d\u2019Esquadra. L\u2019agent Encarna ens va acompanyar durant&hellip;  <a href=\"https:\/\/agora.xtec.cat\/zerguicivervi\/general\/sortida-de-zer-deducacio-infantil-a-la-ciutat-de-tarrega\/\" title=\"Read Sortida de ZER d&#8217;educaci\u00f3 infantil a la ciutat de T\u00e0rrega\">Llegeix m\u00e9s\u00bb<\/a><\/p>\n","protected":false},"author":54,"featured_media":7879,"comment_status":"open","ping_status":"open","sticky":false,"template":"","format":"standard","meta":{"_bbp_topic_count":0,"_bbp_reply_count":0,"_bbp_total_topic_count":0,"_bbp_total_reply_count":0,"_bbp_voice_count":0,"_bbp_anonymous_reply_count":0,"_bbp_topic_count_hidden":0,"_bbp_reply_count_hidden":0,"_bbp_forum_subforum_count":0,"footnotes":""},"categories":[59,68,69,70,1,29],"tags":[],"class_list":["post-7877","post","type-post","status-publish","format-standard","has-post-thumbnail","hentry","category-escola-de-ciutadilla","category-escola-de-guimera","category-escola-jardi","category-escola-ramon-perello","category-general","category-portada"],"post_mailing_queue_ids":[],"_links":{"self":[{"href":"https:\/\/agora.xtec.cat\/zerguicivervi\/wp-json\/wp\/v2\/posts\/7877","targetHints":{"allow":["GET"]}}],"collection":[{"href":"https:\/\/agora.xtec.cat\/zerguicivervi\/wp-json\/wp\/v2\/posts"}],"about":[{"href":"https:\/\/agora.xtec.cat\/zerguicivervi\/wp-json\/wp\/v2\/types\/post"}],"author":[{"embeddable":true,"href":"https:\/\/agora.xtec.cat\/zerguicivervi\/wp-json\/wp\/v2\/users\/54"}],"replies":[{"embeddable":true,"href":"https:\/\/agora.xtec.cat\/zerguicivervi\/wp-json\/wp\/v2\/comments?post=7877"}],"version-history":[{"count":3,"href":"https:\/\/agora.xtec.cat\/zerguicivervi\/wp-json\/wp\/v2\/posts\/7877\/revisions"}],"predecessor-version":[{"id":7887,"href":"https:\/\/agora.xtec.cat\/zerguicivervi\/wp-json\/wp\/v2\/posts\/7877\/revisions\/7887"}],"wp:featuredmedia":[{"embeddable":true,"href":"https:\/\/agora.xtec.cat\/zerguicivervi\/wp-json\/wp\/v2\/media\/7879"}],"wp:attachment":[{"href":"https:\/\/agora.xtec.cat\/zerguicivervi\/wp-json\/wp\/v2\/media?parent=7877"}],"wp:term":[{"taxonomy":"category","embeddable":true,"href":"https:\/\/agora.xtec.cat\/zerguicivervi\/wp-json\/wp\/v2\/categories?post=7877"},{"taxonomy":"post_tag","embeddable":true,"href":"https:\/\/agora.xtec.cat\/zerguicivervi\/wp-json\/wp\/v2\/tags?post=7877"}],"curies":[{"name":"wp","href":"https:\/\/api.w.org\/{rel}","templated":true}]}}