{"id":7847,"date":"2026-02-06T14:07:58","date_gmt":"2026-02-06T13:07:58","guid":{"rendered":"https:\/\/agora.xtec.cat\/zerguicivervi\/?p=7847"},"modified":"2026-02-06T14:10:24","modified_gmt":"2026-02-06T13:10:24","slug":"xxii-certamen-lectura-en-veu-alta","status":"publish","type":"post","link":"https:\/\/agora.xtec.cat\/zerguicivervi\/general\/xxii-certamen-lectura-en-veu-alta\/","title":{"rendered":"XXII CERTAMEN LECTURA EN VEU ALTA"},"content":{"rendered":"<p>Avui divendres, 6 de febrer, hem celebrat el certamen de Lectura en veu alta a l&#8217;Ateneu de T\u00e0rrega.<\/p>\n<p>Despr\u00e9s d&#8217;assajar molts dies a l&#8217;escola i a casa, ha arribat el gran dia. Juntament amb altres escoles, ens hem presentat al certament amb un representant de cicle mitj\u00e0 i un altre de cicle superior, de tres de les escoles de la Zer Guicivervi.<\/p>\n<p>De cicle mitj\u00e0, en la categoria de grumets vermells, en han representat:<\/p>\n<ul>\n<li style=\"list-style-type: none\">\n<ul>\n<li>La Cl\u00e0udia, de l&#8217;escola Ram\u00f3n Perell\u00f3 de Vilagrassa.<\/li>\n<li>L&#8217;Ernest, de l&#8217;escola de Ciutadilla.<\/li>\n<li>La Naua, de l&#8217;escola Jard\u00ed de Verd\u00fa.<\/li>\n<\/ul>\n<\/li>\n<\/ul>\n<p>De cicle superior, en la categoria de grumets verds:<\/p>\n<ul>\n<li style=\"list-style-type: none\">\n<ul>\n<li>La Vilma, de l&#8217;escola de Ciutadilla.<\/li>\n<li>En Hani, de l&#8217;escola Jard\u00ed de Verd\u00fa<\/li>\n<li>L&#8217;Amets, de l&#8217;escola Ram\u00f3n Perell\u00f3 de Vilagrassa.<\/li>\n<\/ul>\n<\/li>\n<\/ul>\n<p>Encara que no haguem passat a la semifinal, volem donar les gr\u00e0cies per la valentia i predisposici\u00f3 que han mostrat, a m\u00e9s de llegir com uns aut\u00e8ntics professionals.<\/p>\n<p>Us enllacem les fotos d&#8217;aquest gran dia clicant a la fotografia que hi ha a continuaci\u00f3.<\/p>\n<p><a href=\"https:\/\/photos.app.goo.gl\/kLgUkt3aWo3TrBFq5\"><img loading=\"lazy\" decoding=\"async\" class=\"size-large wp-image-7848 aligncenter\" src=\"https:\/\/agora.xtec.cat\/zerguicivervi\/wp-content\/uploads\/usu1658\/2026\/02\/IMG-20260206-WA0025-1024x461.jpg\" alt=\"\" width=\"1024\" height=\"461\" srcset=\"https:\/\/agora.xtec.cat\/zerguicivervi\/wp-content\/uploads\/usu1658\/2026\/02\/IMG-20260206-WA0025-1024x461.jpg 1024w, https:\/\/agora.xtec.cat\/zerguicivervi\/wp-content\/uploads\/usu1658\/2026\/02\/IMG-20260206-WA0025-300x135.jpg 300w, https:\/\/agora.xtec.cat\/zerguicivervi\/wp-content\/uploads\/usu1658\/2026\/02\/IMG-20260206-WA0025-768x346.jpg 768w, https:\/\/agora.xtec.cat\/zerguicivervi\/wp-content\/uploads\/usu1658\/2026\/02\/IMG-20260206-WA0025-1536x691.jpg 1536w, https:\/\/agora.xtec.cat\/zerguicivervi\/wp-content\/uploads\/usu1658\/2026\/02\/IMG-20260206-WA0025.jpg 2040w\" sizes=\"auto, (max-width: 1024px) 100vw, 1024px\" \/><\/a><\/p>\n<p>&nbsp;<\/p>\n<p>&nbsp;<\/p>\n","protected":false},"excerpt":{"rendered":"<p>Avui divendres, 6 de febrer, hem celebrat el certamen de Lectura en veu alta a l&#8217;Ateneu de T\u00e0rrega.<br \/>\nDespr\u00e9s d&#8217;assajar molts dies a l&#8217;escola i a casa, ha arribat el gran dia. Juntament amb altres escoles, ens hem presentat al certament amb un representant de cicle&hellip;  <a href=\"https:\/\/agora.xtec.cat\/zerguicivervi\/general\/xxii-certamen-lectura-en-veu-alta\/\" title=\"Read XXII CERTAMEN LECTURA EN VEU ALTA\">Llegeix m\u00e9s\u00bb<\/a><\/p>\n","protected":false},"author":72,"featured_media":0,"comment_status":"open","ping_status":"open","sticky":false,"template":"","format":"standard","meta":{"_bbp_topic_count":0,"_bbp_reply_count":0,"_bbp_total_topic_count":0,"_bbp_total_reply_count":0,"_bbp_voice_count":0,"_bbp_anonymous_reply_count":0,"_bbp_topic_count_hidden":0,"_bbp_reply_count_hidden":0,"_bbp_forum_subforum_count":0,"footnotes":""},"categories":[87,89,82,74,251,83,84,59,68,69,70,1,29],"tags":[],"class_list":["post-7847","post","type-post","status-publish","format-standard","hentry","category-2n-3r-escola-gamma","category-4r-4rt-escola-jardi","category-3r-4t-escola-ramon-perello","category-3r-6e-escola-de-ciutadilla","category-3r-6e","category-5e-6e-escola-ramon-perello","category-5e-6e-escola-jardi","category-escola-de-ciutadilla","category-escola-de-guimera","category-escola-jardi","category-escola-ramon-perello","category-general","category-portada"],"post_mailing_queue_ids":[],"_links":{"self":[{"href":"https:\/\/agora.xtec.cat\/zerguicivervi\/wp-json\/wp\/v2\/posts\/7847","targetHints":{"allow":["GET"]}}],"collection":[{"href":"https:\/\/agora.xtec.cat\/zerguicivervi\/wp-json\/wp\/v2\/posts"}],"about":[{"href":"https:\/\/agora.xtec.cat\/zerguicivervi\/wp-json\/wp\/v2\/types\/post"}],"author":[{"embeddable":true,"href":"https:\/\/agora.xtec.cat\/zerguicivervi\/wp-json\/wp\/v2\/users\/72"}],"replies":[{"embeddable":true,"href":"https:\/\/agora.xtec.cat\/zerguicivervi\/wp-json\/wp\/v2\/comments?post=7847"}],"version-history":[{"count":3,"href":"https:\/\/agora.xtec.cat\/zerguicivervi\/wp-json\/wp\/v2\/posts\/7847\/revisions"}],"predecessor-version":[{"id":7851,"href":"https:\/\/agora.xtec.cat\/zerguicivervi\/wp-json\/wp\/v2\/posts\/7847\/revisions\/7851"}],"wp:attachment":[{"href":"https:\/\/agora.xtec.cat\/zerguicivervi\/wp-json\/wp\/v2\/media?parent=7847"}],"wp:term":[{"taxonomy":"category","embeddable":true,"href":"https:\/\/agora.xtec.cat\/zerguicivervi\/wp-json\/wp\/v2\/categories?post=7847"},{"taxonomy":"post_tag","embeddable":true,"href":"https:\/\/agora.xtec.cat\/zerguicivervi\/wp-json\/wp\/v2\/tags?post=7847"}],"curies":[{"name":"wp","href":"https:\/\/api.w.org\/{rel}","templated":true}]}}