{"id":7515,"date":"2025-02-24T09:00:04","date_gmt":"2025-02-24T08:00:04","guid":{"rendered":"https:\/\/agora.xtec.cat\/zerguicivervi\/?p=7515"},"modified":"2025-02-23T18:55:12","modified_gmt":"2025-02-23T17:55:12","slug":"segona-consigna-del-rei-carnestoltes-a-verdu","status":"publish","type":"post","link":"https:\/\/agora.xtec.cat\/zerguicivervi\/general\/segona-consigna-del-rei-carnestoltes-a-verdu\/","title":{"rendered":"Segona consigna del rei Carnestoltes a Verd\u00fa"},"content":{"rendered":"<p>La segona consigna del rei Carnestoltes a l&#8217;escola Jard\u00ed de Verd\u00fa \u00e9s&#8230;<\/p>\n<p>&nbsp;<\/p>\n<p><iframe loading=\"lazy\" title=\"SEGONA CONSIGNA DEL REI CARNESTOLTES VERD\u00da 2025\" width=\"500\" height=\"281\" src=\"https:\/\/www.youtube.com\/embed\/c4D-Ag2SHGc?feature=oembed\" frameborder=\"0\" allow=\"accelerometer; autoplay; clipboard-write; encrypted-media; gyroscope; picture-in-picture; web-share\" referrerpolicy=\"strict-origin-when-cross-origin\" allowfullscreen><\/iframe><\/p>\n<p>&nbsp;<\/p>\n","protected":false},"excerpt":{"rendered":"<p>La segona consigna del rei Carnestoltes a l&#8217;escola Jard\u00ed de Verd\u00fa \u00e9s&#8230;<br \/>\n&nbsp;<\/p>\n<p>&nbsp;<\/p>\n","protected":false},"author":72,"featured_media":0,"comment_status":"closed","ping_status":"closed","sticky":false,"template":"","format":"standard","meta":{"_bbp_topic_count":0,"_bbp_reply_count":0,"_bbp_total_topic_count":0,"_bbp_total_reply_count":0,"_bbp_voice_count":0,"_bbp_anonymous_reply_count":0,"_bbp_topic_count_hidden":0,"_bbp_reply_count_hidden":0,"_bbp_forum_subforum_count":0,"footnotes":""},"categories":[88,87,89,84,69,1,85,86,29],"tags":[],"class_list":["post-7515","post","type-post","status-publish","format-standard","hentry","category-1r-2n-escola-jardi","category-2n-3r-escola-gamma","category-4r-4rt-escola-jardi","category-5e-6e-escola-jardi","category-escola-jardi","category-general","category-p1-p3-escola-jardi","category-p4-p5-escola-jardi","category-portada"],"post_mailing_queue_ids":[],"_links":{"self":[{"href":"https:\/\/agora.xtec.cat\/zerguicivervi\/wp-json\/wp\/v2\/posts\/7515","targetHints":{"allow":["GET"]}}],"collection":[{"href":"https:\/\/agora.xtec.cat\/zerguicivervi\/wp-json\/wp\/v2\/posts"}],"about":[{"href":"https:\/\/agora.xtec.cat\/zerguicivervi\/wp-json\/wp\/v2\/types\/post"}],"author":[{"embeddable":true,"href":"https:\/\/agora.xtec.cat\/zerguicivervi\/wp-json\/wp\/v2\/users\/72"}],"replies":[{"embeddable":true,"href":"https:\/\/agora.xtec.cat\/zerguicivervi\/wp-json\/wp\/v2\/comments?post=7515"}],"version-history":[{"count":2,"href":"https:\/\/agora.xtec.cat\/zerguicivervi\/wp-json\/wp\/v2\/posts\/7515\/revisions"}],"predecessor-version":[{"id":7517,"href":"https:\/\/agora.xtec.cat\/zerguicivervi\/wp-json\/wp\/v2\/posts\/7515\/revisions\/7517"}],"wp:attachment":[{"href":"https:\/\/agora.xtec.cat\/zerguicivervi\/wp-json\/wp\/v2\/media?parent=7515"}],"wp:term":[{"taxonomy":"category","embeddable":true,"href":"https:\/\/agora.xtec.cat\/zerguicivervi\/wp-json\/wp\/v2\/categories?post=7515"},{"taxonomy":"post_tag","embeddable":true,"href":"https:\/\/agora.xtec.cat\/zerguicivervi\/wp-json\/wp\/v2\/tags?post=7515"}],"curies":[{"name":"wp","href":"https:\/\/api.w.org\/{rel}","templated":true}]}}