{"id":2906,"date":"2019-05-24T16:03:00","date_gmt":"2019-05-24T14:03:00","guid":{"rendered":"http:\/\/agora.xtec.cat\/zerguicivervi\/?p=2906"},"modified":"2019-05-24T18:43:18","modified_gmt":"2019-05-24T16:43:18","slug":"som-els-guanyadors-del-premi-conviure-2019","status":"publish","type":"post","link":"https:\/\/agora.xtec.cat\/zerguicivervi\/general\/som-els-guanyadors-del-premi-conviure-2019\/","title":{"rendered":"Som els guanyadors del premi Conviure 2019!"},"content":{"rendered":"<p>Avui ha estat un dia molt intens i emocionant. Els alumnes de CS de la ZER hem anat al Parlament a presentar un projecte de llei simulat en relaci\u00f3 a la protecci\u00f3 dels animals.<br \/>\nHa obert la sessi\u00f3 el M.H. Sr. Roger Torrent, president del Parlament de Catalunya. Seguidament, l&#8217;Arnau Brandon ha estat el diputat relator i ha presentat el projecte de llei simulat.<br \/>\nSeguidament els diferents portaveus dels cinc grups parlamentaris (finalistes del XII Premi Conviure, categoria prim\u00e0ria) han manifestat quina posici\u00f3 han pres llurs grups davant el projecte de llei. L&#8217;Arnau ha explicat el treball que hem fet les \u00faltimes setmanes les escoles de la nostra ZER. Despr\u00e9s de llegir el projecte de llei vam fer esmenes per escola, seguidament les vam posar en com\u00fa i vam presentar les esmenes per cap\u00edtols com a centre \u00fanic. Despr\u00e9s vam votar les esmenes de tots els grups i ho vam penjar a l&#8217;espai de debat. L&#8217;Arnau tamb\u00e9 ha explicat en format resum les nostres idees principals sobre aquesta llei.<br \/>\nEn acabar, l&#8217;Associaci\u00f3 d&#8217;Antics Diputats del Parlament de Catalunya s&#8217;ha reunit per decidir i fer-nos saber quin grup parlamentari s&#8217;enduria el premi i per sorpresa nostra, hem estat nosaltres!<br \/>\nEstem molt contents pel premi i sobretot pel treball fet i pel que ens ha enriquit aquest projecte. Volem agrair l&#8217;oportunitat que ens han donat a l&#8217;Aula Parlament i tamb\u00e9 el treball fet per totes les altres escoles que han treballat amb nosaltres aquest projecte: Thau, Lumen, Castell de Calafell i Gaziel.<\/p>\n<p><a href=\"https:\/\/photos.app.goo.gl\/AYisgbijmUHfM8nc9\"><img loading=\"lazy\" decoding=\"async\" class=\"aligncenter\" src=\"https:\/\/lh3.googleusercontent.com\/3QvtE6ukKpQLeXGYjxb1_fxPeHvXzfW8S7PPnrOxqT6mIFPbSrhTztTX_5TQUG6QVUPukf8R3me3T34334I2A-8elYvsvsY5jHOG9utkbbjmn_xg2ky8apEoQQxeY8Q234l7cZAab03F21x2_0nUvjT08ej5ESP_Psq9JVDl9SUhfTcytYU4qTxtOKPfgxfW5_ErWzFGErsMWFLStgbASepTn1A65-vI4P_poUkZlAP6B_tkD5iFrRqLLE38d6qgSjbPsNUm3SlvAv_BsRG3fq5thjnIFIlahjw5LBVTYFCG2GkhsFf6r18AFiIB-l94izikizlGwO22oTCsDvOeDylFa7pOCsejFPjR7xbWUNuc9A9pNLXc3NFD0jQOXvpR4acCnU-2dycRaCN_DaqdAohOqPW8rBIJSR9CaFR8VqUZpwmn-83bJ8kLmJeHjnaBsKbkLC-VFsX_nZFu2EWWLTZM2Ey4urzzKEZJ99XYK8TkofZjHvcz6WxG9ueIqTLeezldpK7ETM5ns9kl_NSnHdid9HeOo2EkdrN2wZimMCriMI8NF8uENb7NYzppsHZZAJi-QyZGVSJCjpXJDCyS4-1d0onS0W28NRZbAnKkRzD07NLymJetyFTgqywD5LheAUmffREj2qzkcAw4l9NNL7V_cFpWWDwa=w1168-h657-no\" alt=\"\" width=\"596\" height=\"335\" \/><\/a><\/p>\n<p style=\"text-align: left;\">Podeu veure en <strong>diferit els actes institucionals dels alumnes de prim\u00e0ria quan debaten sobre la llei de protecci\u00f3 dels animals<\/strong> en el ple simulat pel projecte &#8220;Fem una llei&#8221;:<\/p>\n<div style=\"width: 640px;\" class=\"wp-video\"><!--[if lt IE 9]><script>document.createElement('video');<\/script><![endif]-->\n<video class=\"wp-video-shortcode\" id=\"video-2906-1\" width=\"640\" height=\"360\" preload=\"metadata\" controls=\"controls\"><source type=\"video\/mp4\" src=\"https:\/\/cdn-s6-eu-s.nice264.com\/\/converted_work2\/c\/4\/c432195fafc1f84bdc6c\/c432195fafc1f84bdc6c_29ab351ea01d442bd126dbecc8a6f4cb.mp4?_=1\" \/><a href=\"https:\/\/cdn-s6-eu-s.nice264.com\/\/converted_work2\/c\/4\/c432195fafc1f84bdc6c\/c432195fafc1f84bdc6c_29ab351ea01d442bd126dbecc8a6f4cb.mp4\">https:\/\/cdn-s6-eu-s.nice264.com\/\/converted_work2\/c\/4\/c432195fafc1f84bdc6c\/c432195fafc1f84bdc6c_29ab351ea01d442bd126dbecc8a6f4cb.mp4<\/a><\/video><\/div>\n<p>Tamb\u00e9 podeu veure en <strong>diferit els actes institucionals &#8211; Lliurament del Premi Conviure 2019<\/strong>, de l&#8217;Associaci\u00f3 d&#8217;Antics Diputats, a les millors tasques de simulaci\u00f3 parlament\u00e0ria dels centres participants en els tallers d&#8217;Aula Parlament:<\/p>\n<div style=\"width: 640px;\" class=\"wp-video\"><video class=\"wp-video-shortcode\" id=\"video-2906-2\" width=\"640\" height=\"360\" preload=\"metadata\" controls=\"controls\"><source type=\"video\/mp4\" src=\"https:\/\/cdn-s2-eu-s.nice264.com\/\/converted_work8\/2\/2\/2268f8399c2bde4effa3\/2268f8399c2bde4effa3_29ab351ea01d442bd126dbecc8a6f4cb.mp4?_=2\" \/><a href=\"https:\/\/cdn-s2-eu-s.nice264.com\/\/converted_work8\/2\/2\/2268f8399c2bde4effa3\/2268f8399c2bde4effa3_29ab351ea01d442bd126dbecc8a6f4cb.mp4\">https:\/\/cdn-s2-eu-s.nice264.com\/\/converted_work8\/2\/2\/2268f8399c2bde4effa3\/2268f8399c2bde4effa3_29ab351ea01d442bd126dbecc8a6f4cb.mp4<\/a><\/video><\/div>\n","protected":false},"excerpt":{"rendered":"<p>Avui ha estat un dia molt intens i emocionant. Els alumnes de CS de la ZER hem anat al Parlament a presentar un projecte de llei simulat en relaci\u00f3 a la protecci\u00f3 dels animals.<br \/>\nHa obert la sessi\u00f3 el M.H. Sr. Roger Torrent, president del Parlament&hellip;  <a href=\"https:\/\/agora.xtec.cat\/zerguicivervi\/general\/som-els-guanyadors-del-premi-conviure-2019\/\" title=\"Read Som els guanyadors del premi Conviure 2019!\">Llegeix m\u00e9s\u00bb<\/a><\/p>\n","protected":false},"author":1,"featured_media":0,"comment_status":"open","ping_status":"closed","sticky":false,"template":"","format":"standard","meta":{"_bbp_topic_count":0,"_bbp_reply_count":0,"_bbp_total_topic_count":0,"_bbp_total_reply_count":0,"_bbp_voice_count":0,"_bbp_anonymous_reply_count":0,"_bbp_topic_count_hidden":0,"_bbp_reply_count_hidden":0,"_bbp_forum_subforum_count":0,"footnotes":""},"categories":[74,83,84,59,68,69,70,1,64,29],"tags":[],"class_list":["post-2906","post","type-post","status-publish","format-standard","hentry","category-3r-6e-escola-de-ciutadilla","category-5e-6e-escola-ramon-perello","category-5e-6e-escola-jardi","category-escola-de-ciutadilla","category-escola-de-guimera","category-escola-jardi","category-escola-ramon-perello","category-general","category-p3-6e-escola-de-guimera","category-portada"],"post_mailing_queue_ids":[],"_links":{"self":[{"href":"https:\/\/agora.xtec.cat\/zerguicivervi\/wp-json\/wp\/v2\/posts\/2906","targetHints":{"allow":["GET"]}}],"collection":[{"href":"https:\/\/agora.xtec.cat\/zerguicivervi\/wp-json\/wp\/v2\/posts"}],"about":[{"href":"https:\/\/agora.xtec.cat\/zerguicivervi\/wp-json\/wp\/v2\/types\/post"}],"author":[{"embeddable":true,"href":"https:\/\/agora.xtec.cat\/zerguicivervi\/wp-json\/wp\/v2\/users\/1"}],"replies":[{"embeddable":true,"href":"https:\/\/agora.xtec.cat\/zerguicivervi\/wp-json\/wp\/v2\/comments?post=2906"}],"version-history":[{"count":4,"href":"https:\/\/agora.xtec.cat\/zerguicivervi\/wp-json\/wp\/v2\/posts\/2906\/revisions"}],"predecessor-version":[{"id":2917,"href":"https:\/\/agora.xtec.cat\/zerguicivervi\/wp-json\/wp\/v2\/posts\/2906\/revisions\/2917"}],"wp:attachment":[{"href":"https:\/\/agora.xtec.cat\/zerguicivervi\/wp-json\/wp\/v2\/media?parent=2906"}],"wp:term":[{"taxonomy":"category","embeddable":true,"href":"https:\/\/agora.xtec.cat\/zerguicivervi\/wp-json\/wp\/v2\/categories?post=2906"},{"taxonomy":"post_tag","embeddable":true,"href":"https:\/\/agora.xtec.cat\/zerguicivervi\/wp-json\/wp\/v2\/tags?post=2906"}],"curies":[{"name":"wp","href":"https:\/\/api.w.org\/{rel}","templated":true}]}}