{"id":4385,"date":"2017-05-25T14:19:05","date_gmt":"2017-05-25T12:19:05","guid":{"rendered":"http:\/\/agora.xtec.cat\/zergavarresa\/?p=4385"},"modified":"2017-11-02T13:28:53","modified_gmt":"2017-11-02T12:28:53","slug":"hem-guanyat-un-baldiri","status":"publish","type":"post","link":"https:\/\/agora.xtec.cat\/zergavarresa\/zer\/portada-zer\/hem-guanyat-un-baldiri\/","title":{"rendered":"Hem guanyat un Baldiri!"},"content":{"rendered":"<p>Tota l&#8217;escola est\u00e0 molt contenta!<\/p>\n<p>hem guanyat un premi Baldiri Reixac en la seva\u00a0<strong>39a edici\u00f3 dels premis Baldiri Reixac<\/strong> que atorga la <strong>Fundaci\u00f3 Carulla.<\/strong><\/p>\n<p>Ens l&#8217;han otorgat des de l&#8217;apartat \u00a0<strong>per a alumnes compromesos, encuriosits i creatius,<\/strong>\u00a0vam presentar el projecte de la Fira que lideren els alumnes de 4t, 5\u00e8 i 6\u00e8 amb la N\u00faria al capdavant. \u00c9s un premi qui ens sentim tots una mica part\u00edceps ja que entre tots elaborem el material que es ven&#8230; que us hem de dir que no sapigueu les families&#8230;<\/p>\n<p><strong>Els Harry Potter<\/strong> ho expliquen d&#8217;aquesta manera:<\/p>\n<p>Durant el primer trimestre vam fer un projecte per participar tota l\u2019escola a la fira fent una parada.<\/p>\n<p>Amb aquest projecte hem guanyat el Premi Baldiri Reixach.<\/p>\n<p>Com ho vam fer?<\/p>\n<p>Primer, vam fer un debat per decidir el que far\u00edem aquest any per vendre: porta espelmes, figures de pasta de sal, centres de taula.<\/p>\n<p>Un cop decidit, vam fer 2 grups de treball. Cada grup organitzava una manualitat, un joc i un taller. Tamb\u00e9 vam calcular las despeses de cada activitat i tot seguit vam pensar el preu de venda. Vam realitzar activitats de compra-venda per aprendre a tornar el canvi. A continuaci\u00f3, vam elaborar els cartells informatius.<\/p>\n<p>Llavors nom\u00e9s ens faltava l&#8217;ajuda de tota l&#8217;escola per fer els tallers on preparar\u00edem el material per vendre. Tamb\u00e9 ens van ajudar les fam\u00edlies.<\/p>\n<p>Va arribar el dia de la Fira i vam fer torns per poder vendre, les fam\u00edlies i les mestres tamb\u00e9 ens van acompanyar.<\/p>\n<p>Finalment, despr\u00e9s de saber als guanys que hem obtingut hem reflexionat com gastar\u00edem els diners. Hem acordat que un 25% dels guanys els donar\u00edem a una ONG, un a 25% a la Marat\u00f3 de TV3 i el 50% ens el quedar\u00edem a l\u2019escola per comprar material.<\/p>\n<p>&nbsp;<\/p>\n<p>Recordant aquell moment us pengem les fotos dels tallers.<\/p>\n<p>(si no les veieu <a href=\"https:\/\/goo.gl\/photos\/HcXgMxKkuzauc4EA6\">apreteu aquest enlla\u00e7)<\/a><\/p>\n\r\n\t<div class=\"slideshow_container slideshow_container_style-light\" style=\"height: 300px; \" data-slideshow-id=\"4388\" data-style-name=\"style-light\" data-style-version=\"2.3.1\" >\r\n\r\n\t\t\t\t\t<div class=\"slideshow_loading_icon\"><\/div>\r\n\t\t\r\n\t\t<div class=\"slideshow_content\" style=\"display: none;\">\r\n\r\n\t\t\t<div class=\"slideshow_view\"><div class=\"slideshow_slide slideshow_slide_image\">\n        <a href=\"https:\/\/goo.gl\/photos\/HcXgMxKkuzauc4EA6\" target=\"_blank\">        <img src=\"https:\/\/goo.gl\/photos\/HcXgMxKkuzauc4EA6\" alt=\"\"   \/>\n        <\/a>        <div class=\"slideshow_description_box slideshow_transparent\">\n                                        <\/div>\n<\/div>\n\t\n<div style=\"clear: both;\"><\/div><\/div>\r\n\t\t<\/div>\r\n\r\n\t\t<div class=\"slideshow_controlPanel slideshow_transparent\" style=\"display: none;\"><ul><li class=\"slideshow_togglePlay\" data-play-text=\"Visualitza\" data-pause-text=\"Pausa\"><\/li><\/ul><\/div>\r\n\r\n\t\t<div class=\"slideshow_button slideshow_previous slideshow_transparent\" role=\"button\" data-previous-text=\"Anterior\" style=\"display: none;\"><\/div>\r\n\t\t<div class=\"slideshow_button slideshow_next slideshow_transparent\" role=\"button\" data-next-text=\"Seg\u00fcent\" style=\"display: none;\"><\/div>\r\n\r\n\t\t<div class=\"slideshow_pagination\" style=\"display: none;\" data-go-to-text=\"V\u00e9s a la diapositiva\"><div class=\"slideshow_pagination_center\"><\/div><\/div>\r\n\r\n\t\t<!-- WordPress Slideshow Version 2.3.1 -->\r\n\r\n\t\t\t<\/div>\r\n\r\n\n<p>&nbsp;<\/p>\n","protected":false},"excerpt":{"rendered":"<p>Tota l&#8217;escola est\u00e0 molt contenta! hem guanyat un premi Baldiri Reixac en la seva\u00a039a edici\u00f3 dels premis Baldiri Reixac que atorga la Fundaci\u00f3 Carulla. Ens l&#8217;han otorgat des de l&#8217;apartat \u00a0per a alumnes compromesos, encuriosits i creatius,\u00a0vam presentar el projecte de la Fira que lideren els alumnes de 4t, 5\u00e8 i 6\u00e8 amb la N\u00faria [&hellip;]<\/p>\n","protected":false},"author":1,"featured_media":4391,"comment_status":"open","ping_status":"closed","sticky":false,"template":"","format":"standard","meta":{"_bbp_topic_count":0,"_bbp_reply_count":0,"_bbp_total_topic_count":0,"_bbp_total_reply_count":0,"_bbp_voice_count":0,"_bbp_anonymous_reply_count":0,"_bbp_topic_count_hidden":0,"_bbp_reply_count_hidden":0,"_bbp_forum_subforum_count":0,"site-sidebar-layout":"default","site-content-layout":"","ast-site-content-layout":"","site-content-style":"default","site-sidebar-style":"default","ast-global-header-display":"","ast-banner-title-visibility":"","ast-main-header-display":"","ast-hfb-above-header-display":"","ast-hfb-below-header-display":"","ast-hfb-mobile-header-display":"","site-post-title":"","ast-breadcrumbs-content":"","ast-featured-img":"","footer-sml-layout":"","theme-transparent-header-meta":"","adv-header-id-meta":"","stick-header-meta":"","header-above-stick-meta":"","header-main-stick-meta":"","header-below-stick-meta":"","astra-migrate-meta-layouts":"default","ast-page-background-enabled":"default","ast-page-background-meta":{"desktop":{"background-color":"var(--ast-global-color-4)","background-image":"","background-repeat":"repeat","background-position":"center center","background-size":"auto","background-attachment":"scroll","background-type":"","background-media":"","overlay-type":"","overlay-color":"","overlay-opacity":"","overlay-gradient":""},"tablet":{"background-color":"","background-image":"","background-repeat":"repeat","background-position":"center center","background-size":"auto","background-attachment":"scroll","background-type":"","background-media":"","overlay-type":"","overlay-color":"","overlay-opacity":"","overlay-gradient":""},"mobile":{"background-color":"","background-image":"","background-repeat":"repeat","background-position":"center center","background-size":"auto","background-attachment":"scroll","background-type":"","background-media":"","overlay-type":"","overlay-color":"","overlay-opacity":"","overlay-gradient":""}},"ast-content-background-meta":{"desktop":{"background-color":"var(--ast-global-color-5)","background-image":"","background-repeat":"repeat","background-position":"center center","background-size":"auto","background-attachment":"scroll","background-type":"","background-media":"","overlay-type":"","overlay-color":"","overlay-opacity":"","overlay-gradient":""},"tablet":{"background-color":"var(--ast-global-color-5)","background-image":"","background-repeat":"repeat","background-position":"center center","background-size":"auto","background-attachment":"scroll","background-type":"","background-media":"","overlay-type":"","overlay-color":"","overlay-opacity":"","overlay-gradient":""},"mobile":{"background-color":"var(--ast-global-color-5)","background-image":"","background-repeat":"repeat","background-position":"center center","background-size":"auto","background-attachment":"scroll","background-type":"","background-media":"","overlay-type":"","overlay-color":"","overlay-opacity":"","overlay-gradient":""}},"footnotes":""},"categories":[122,1,124],"tags":[105,142,106,148,287,166],"class_list":["post-4385","post","type-post","status-publish","format-standard","has-post-thumbnail","hentry","category-escola-llevant","category-portada-zer","category-primaria","tag-cicle-inicial","tag-cicle-mitja","tag-cicle-superior","tag-escola-llevant","tag-fira","tag-treballs-per-projectes"],"post_mailing_queue_ids":[],"_links":{"self":[{"href":"https:\/\/agora.xtec.cat\/zergavarresa\/wp-json\/wp\/v2\/posts\/4385","targetHints":{"allow":["GET"]}}],"collection":[{"href":"https:\/\/agora.xtec.cat\/zergavarresa\/wp-json\/wp\/v2\/posts"}],"about":[{"href":"https:\/\/agora.xtec.cat\/zergavarresa\/wp-json\/wp\/v2\/types\/post"}],"author":[{"embeddable":true,"href":"https:\/\/agora.xtec.cat\/zergavarresa\/wp-json\/wp\/v2\/users\/1"}],"replies":[{"embeddable":true,"href":"https:\/\/agora.xtec.cat\/zergavarresa\/wp-json\/wp\/v2\/comments?post=4385"}],"version-history":[{"count":3,"href":"https:\/\/agora.xtec.cat\/zergavarresa\/wp-json\/wp\/v2\/posts\/4385\/revisions"}],"predecessor-version":[{"id":4396,"href":"https:\/\/agora.xtec.cat\/zergavarresa\/wp-json\/wp\/v2\/posts\/4385\/revisions\/4396"}],"wp:featuredmedia":[{"embeddable":true,"href":"https:\/\/agora.xtec.cat\/zergavarresa\/wp-json\/wp\/v2\/media\/4391"}],"wp:attachment":[{"href":"https:\/\/agora.xtec.cat\/zergavarresa\/wp-json\/wp\/v2\/media?parent=4385"}],"wp:term":[{"taxonomy":"category","embeddable":true,"href":"https:\/\/agora.xtec.cat\/zergavarresa\/wp-json\/wp\/v2\/categories?post=4385"},{"taxonomy":"post_tag","embeddable":true,"href":"https:\/\/agora.xtec.cat\/zergavarresa\/wp-json\/wp\/v2\/tags?post=4385"}],"curies":[{"name":"wp","href":"https:\/\/api.w.org\/{rel}","templated":true}]}}