{"id":3587,"date":"2016-10-11T09:34:47","date_gmt":"2016-10-11T07:34:47","guid":{"rendered":"http:\/\/agora.xtec.cat\/zergavarresa\/?p=3587"},"modified":"2017-05-29T15:31:45","modified_gmt":"2017-05-29T13:31:45","slug":"comenca-el-curs-a-lescola-els-roures","status":"publish","type":"post","link":"https:\/\/agora.xtec.cat\/zergavarresa\/escola-els-roures\/comenca-el-curs-a-lescola-els-roures\/","title":{"rendered":"Comen\u00e7a el curs a l\u2019escola els Roures!"},"content":{"rendered":"<p>El dia 13 de setembre va comen\u00e7ar el curs 16-17. Tothom estava molt actiu, ple d\u2019energia i amb moltes ganes de treballar i aprendre. Molt i molt contents d\u2019haver comen\u00e7at, per\u00f2 desenganyem-nos\u00a0 amb una mica de mandreta.<\/p>\n<p>Aquest any la tem\u00e0tica del curs \u00e9s \u201cUn m\u00f3n de fantasia\u201d, on deixarem anar la nostra imaginaci\u00f3 amb contes, llegendes i mil hist\u00f2ries m\u00e9s.<\/p>\n<p>Ja hem escollit els noms de les classes, que estan relacionats amb els contes populars pels m\u00e9s petitons de l\u2019escola i els grans amb llibres de Roald Dahl.<\/p>\n<p>P3\/P4: El Tabalets<\/p>\n<p>P5: El lle\u00f3 i el ratol\u00ed<\/p>\n<p>CI: El gat amb botes<\/p>\n<p>CM: Els Charlies<\/p>\n<p>CS: Els Mimpins<\/p>\n<p><img loading=\"lazy\" decoding=\"async\" class=\"alignnone  wp-image-3592\" src=\"http:\/\/agora.xtec.cat\/zergavarresa\/wp-content\/uploads\/usu1235\/2016\/10\/tabalet.png\" alt=\"tabalet\" width=\"142\" height=\"142\" srcset=\"https:\/\/agora.xtec.cat\/zergavarresa\/wp-content\/uploads\/usu1235\/2016\/10\/tabalet.png 208w, https:\/\/agora.xtec.cat\/zergavarresa\/wp-content\/uploads\/usu1235\/2016\/10\/tabalet-150x150.png 150w\" sizes=\"auto, (max-width: 142px) 100vw, 142px\" \/> \u00a0<img loading=\"lazy\" decoding=\"async\" class=\"alignnone  wp-image-3590\" src=\"http:\/\/agora.xtec.cat\/zergavarresa\/wp-content\/uploads\/usu1235\/2016\/10\/lleo-i-ratoli.png\" alt=\"lleo-i-ratoli\" width=\"146\" height=\"145\" srcset=\"https:\/\/agora.xtec.cat\/zergavarresa\/wp-content\/uploads\/usu1235\/2016\/10\/lleo-i-ratoli.png 207w, https:\/\/agora.xtec.cat\/zergavarresa\/wp-content\/uploads\/usu1235\/2016\/10\/lleo-i-ratoli-150x150.png 150w\" sizes=\"auto, (max-width: 146px) 100vw, 146px\" \/> <img loading=\"lazy\" decoding=\"async\" class=\"alignnone  wp-image-3589\" src=\"http:\/\/agora.xtec.cat\/zergavarresa\/wp-content\/uploads\/usu1235\/2016\/10\/gat-amb-botes.png\" alt=\"gat-amb-botes\" width=\"143\" height=\"143\" srcset=\"https:\/\/agora.xtec.cat\/zergavarresa\/wp-content\/uploads\/usu1235\/2016\/10\/gat-amb-botes.png 204w, https:\/\/agora.xtec.cat\/zergavarresa\/wp-content\/uploads\/usu1235\/2016\/10\/gat-amb-botes-150x150.png 150w\" sizes=\"auto, (max-width: 143px) 100vw, 143px\" \/> <img loading=\"lazy\" decoding=\"async\" class=\"alignnone  wp-image-3588\" src=\"http:\/\/agora.xtec.cat\/zergavarresa\/wp-content\/uploads\/usu1235\/2016\/10\/charlie.png\" alt=\"charlie\" width=\"128\" height=\"174\" \/><img loading=\"lazy\" decoding=\"async\" class=\"alignnone  wp-image-3591\" src=\"http:\/\/agora.xtec.cat\/zergavarresa\/wp-content\/uploads\/usu1235\/2016\/10\/mimpins.png\" alt=\"mimpins\" width=\"140\" height=\"178\" srcset=\"https:\/\/agora.xtec.cat\/zergavarresa\/wp-content\/uploads\/usu1235\/2016\/10\/mimpins.png 244w, https:\/\/agora.xtec.cat\/zergavarresa\/wp-content\/uploads\/usu1235\/2016\/10\/mimpins-235x300.png 235w\" sizes=\"auto, (max-width: 140px) 100vw, 140px\" \/><\/p>\n<p>Els m\u00e9s grans ens \u00a0endinsem al m\u00f3n de \u00a0Dahl, ens ha captivat les seves creacions i obres, ja que \u00e9s un escriptor\u00a0 amb molta imaginaci\u00f3, creativitat i ens sorpr\u00e8n cada dia.<\/p>\n<p>Sab\u00edeu que Roald Dahl va inventar-se 250 paraules, escrivia els seus contes a una cabanya al fons del seu jard\u00ed, \u00a0li van posar el nom de Roald, perqu\u00e8 l\u2019explorador que va arribar al pol nord se\u2019n deia, \u00a0sabia swahili, va col\u00b7laborar a la revista playboy,&#8230;&#8230;<\/p>\n<p>Aquest octubre tamb\u00e9 hem iniciat les extraescolars: angl\u00e8s, bricolatge, hip-hop, ordinografia, m\u00fasica i psicomotricitat.<\/p>\n<p>Esperem que tinguem un bon curs ple d\u2019aprenentatges!<\/p>\n<p>Nens i nenes de racons competencials<\/p>\n","protected":false},"excerpt":{"rendered":"<p>El dia 13 de setembre va comen\u00e7ar el curs 16-17. Tothom estava molt actiu, ple d\u2019energia i amb moltes ganes de treballar i aprendre. Molt i molt contents d\u2019haver comen\u00e7at, per\u00f2 desenganyem-nos\u00a0 amb una mica de mandreta. Aquest any la tem\u00e0tica del curs \u00e9s \u201cUn m\u00f3n de fantasia\u201d, on deixarem anar la nostra imaginaci\u00f3 amb [&hellip;]<\/p>\n","protected":false},"author":1,"featured_media":0,"comment_status":"open","ping_status":"open","sticky":false,"template":"","format":"standard","meta":{"_bbp_topic_count":0,"_bbp_reply_count":0,"_bbp_total_topic_count":0,"_bbp_total_reply_count":0,"_bbp_voice_count":0,"_bbp_anonymous_reply_count":0,"_bbp_topic_count_hidden":0,"_bbp_reply_count_hidden":0,"_bbp_forum_subforum_count":0,"site-sidebar-layout":"default","site-content-layout":"","ast-site-content-layout":"","site-content-style":"default","site-sidebar-style":"default","ast-global-header-display":"","ast-banner-title-visibility":"","ast-main-header-display":"","ast-hfb-above-header-display":"","ast-hfb-below-header-display":"","ast-hfb-mobile-header-display":"","site-post-title":"","ast-breadcrumbs-content":"","ast-featured-img":"","footer-sml-layout":"","theme-transparent-header-meta":"","adv-header-id-meta":"","stick-header-meta":"","header-above-stick-meta":"","header-main-stick-meta":"","header-below-stick-meta":"","astra-migrate-meta-layouts":"default","ast-page-background-enabled":"default","ast-page-background-meta":{"desktop":{"background-color":"var(--ast-global-color-4)","background-image":"","background-repeat":"repeat","background-position":"center center","background-size":"auto","background-attachment":"scroll","background-type":"","background-media":"","overlay-type":"","overlay-color":"","overlay-opacity":"","overlay-gradient":""},"tablet":{"background-color":"","background-image":"","background-repeat":"repeat","background-position":"center center","background-size":"auto","background-attachment":"scroll","background-type":"","background-media":"","overlay-type":"","overlay-color":"","overlay-opacity":"","overlay-gradient":""},"mobile":{"background-color":"","background-image":"","background-repeat":"repeat","background-position":"center center","background-size":"auto","background-attachment":"scroll","background-type":"","background-media":"","overlay-type":"","overlay-color":"","overlay-opacity":"","overlay-gradient":""}},"ast-content-background-meta":{"desktop":{"background-color":"var(--ast-global-color-5)","background-image":"","background-repeat":"repeat","background-position":"center center","background-size":"auto","background-attachment":"scroll","background-type":"","background-media":"","overlay-type":"","overlay-color":"","overlay-opacity":"","overlay-gradient":""},"tablet":{"background-color":"var(--ast-global-color-5)","background-image":"","background-repeat":"repeat","background-position":"center center","background-size":"auto","background-attachment":"scroll","background-type":"","background-media":"","overlay-type":"","overlay-color":"","overlay-opacity":"","overlay-gradient":""},"mobile":{"background-color":"var(--ast-global-color-5)","background-image":"","background-repeat":"repeat","background-position":"center center","background-size":"auto","background-attachment":"scroll","background-type":"","background-media":"","overlay-type":"","overlay-color":"","overlay-opacity":"","overlay-gradient":""}},"footnotes":""},"categories":[103],"tags":[],"class_list":["post-3587","post","type-post","status-publish","format-standard","hentry","category-escola-els-roures"],"post_mailing_queue_ids":[],"_links":{"self":[{"href":"https:\/\/agora.xtec.cat\/zergavarresa\/wp-json\/wp\/v2\/posts\/3587","targetHints":{"allow":["GET"]}}],"collection":[{"href":"https:\/\/agora.xtec.cat\/zergavarresa\/wp-json\/wp\/v2\/posts"}],"about":[{"href":"https:\/\/agora.xtec.cat\/zergavarresa\/wp-json\/wp\/v2\/types\/post"}],"author":[{"embeddable":true,"href":"https:\/\/agora.xtec.cat\/zergavarresa\/wp-json\/wp\/v2\/users\/1"}],"replies":[{"embeddable":true,"href":"https:\/\/agora.xtec.cat\/zergavarresa\/wp-json\/wp\/v2\/comments?post=3587"}],"version-history":[{"count":2,"href":"https:\/\/agora.xtec.cat\/zergavarresa\/wp-json\/wp\/v2\/posts\/3587\/revisions"}],"predecessor-version":[{"id":3594,"href":"https:\/\/agora.xtec.cat\/zergavarresa\/wp-json\/wp\/v2\/posts\/3587\/revisions\/3594"}],"wp:attachment":[{"href":"https:\/\/agora.xtec.cat\/zergavarresa\/wp-json\/wp\/v2\/media?parent=3587"}],"wp:term":[{"taxonomy":"category","embeddable":true,"href":"https:\/\/agora.xtec.cat\/zergavarresa\/wp-json\/wp\/v2\/categories?post=3587"},{"taxonomy":"post_tag","embeddable":true,"href":"https:\/\/agora.xtec.cat\/zergavarresa\/wp-json\/wp\/v2\/tags?post=3587"}],"curies":[{"name":"wp","href":"https:\/\/api.w.org\/{rel}","templated":true}]}}