{"id":14461,"date":"2026-04-07T09:02:00","date_gmt":"2026-04-07T07:02:00","guid":{"rendered":"https:\/\/agora.xtec.cat\/zergavarresa\/?p=14461"},"modified":"2025-12-22T19:05:12","modified_gmt":"2025-12-22T18:05:12","slug":"encarem-el-tercer-trimestre-el-tram-final-del-curs","status":"publish","type":"post","link":"https:\/\/agora.xtec.cat\/zergavarresa\/escola-els-roures\/grups-els-roures\/cicle-inicial-els-roures\/encarem-el-tercer-trimestre-el-tram-final-del-curs\/","title":{"rendered":"Encarem el tercer trimestre: el tram final del curs"},"content":{"rendered":"\n<h2 class=\"wp-block-heading\"><\/h2>\n\n\n\n<p>Arribem al tercer trimestre amb la sensaci\u00f3 que el curs ha passat volant. Els infants han crescut, han descobert, han compartit\u2026 i ara entrem en l\u2019\u00faltima etapa, aquella en qu\u00e8 tot el que hem sembrat durant mesos comen\u00e7a a donar fruit.<\/p>\n\n\n\n<h3 class=\"wp-block-heading\">\ud83d\ude80 Un trimestre per consolidar i celebrar<\/h3>\n\n\n\n<p>Aquest per\u00edode \u00e9s especial perqu\u00e8 combina aprenentatges intensos amb moments de conviv\u00e8ncia que recordarem:<\/p>\n\n\n\n<ul class=\"wp-block-list\">\n<li><strong>Projectes de tancament<\/strong> que permetran als alumnes mostrar tot el que han apr\u00e8s.<\/li>\n\n\n\n<li><strong>Activitats a l\u2019aire lliure<\/strong> aprofitant el bon temps i fomentant el contacte amb l\u2019entorn.<\/li>\n\n\n\n<li><strong>Treball d\u2019autonomia i responsabilitat<\/strong>, clau per preparar el pas al curs seg\u00fcent.<\/li>\n\n\n\n<li><strong>Espais de reflexi\u00f3<\/strong> per valorar el cam\u00ed recorregut i posar en paraules els progressos.<\/li>\n<\/ul>\n\n\n\n<h3 class=\"wp-block-heading\">\ud83d\udc68\u200d\ud83d\udc69\u200d\ud83d\udc67\u200d\ud83d\udc66 Fam\u00edlies i escola, m\u00e9s connectades que mai<\/h3>\n\n\n\n<p>En aquest tram final, la col\u00b7laboraci\u00f3 amb les fam\u00edlies continua sent essencial. Compartirem informacions, trobades i moments per celebrar plegats els \u00e8xits dels infants. <\/p>\n\n\n\n<h3 class=\"wp-block-heading\">\ud83c\udf08 Mirant cap al final de curs amb il\u00b7lusi\u00f3<\/h3>\n\n\n\n<p>Ens espera un trimestre ple d\u2019energia, descobertes i reptes engrescadors. Treballarem perqu\u00e8 cada infant tanqui el curs amb confian\u00e7a, orgull i ganes d\u2019afrontar el que vindr\u00e0.<\/p>\n\n\n\n<p>Comencem aquest \u00faltim tram amb entusiasme i amb la certesa que, junts, farem d\u2019aquest tercer trimestre un temps inoblidable.<\/p>\n\n\n\n<p>Bon tercer trimestre a tots i totes!<\/p>\n","protected":false},"excerpt":{"rendered":"<p>Arribem al tercer trimestre amb la sensaci\u00f3 que el curs ha passat volant. Els infants han crescut, han descobert, han compartit\u2026 i ara entrem en l\u2019\u00faltima etapa, aquella en qu\u00e8 tot el que hem sembrat durant mesos comen\u00e7a a donar fruit. \ud83d\ude80 Un trimestre per consolidar i celebrar Aquest per\u00edode \u00e9s especial perqu\u00e8 combina aprenentatges [&hellip;]<\/p>\n","protected":false},"author":47,"featured_media":14462,"comment_status":"open","ping_status":"open","sticky":false,"template":"","format":"standard","meta":{"_bbp_topic_count":0,"_bbp_reply_count":0,"_bbp_total_topic_count":0,"_bbp_total_reply_count":0,"_bbp_voice_count":0,"_bbp_anonymous_reply_count":0,"_bbp_topic_count_hidden":0,"_bbp_reply_count_hidden":0,"_bbp_forum_subforum_count":0,"site-sidebar-layout":"default","site-content-layout":"","ast-site-content-layout":"default","site-content-style":"default","site-sidebar-style":"default","ast-global-header-display":"","ast-banner-title-visibility":"","ast-main-header-display":"","ast-hfb-above-header-display":"","ast-hfb-below-header-display":"","ast-hfb-mobile-header-display":"","site-post-title":"","ast-breadcrumbs-content":"","ast-featured-img":"","footer-sml-layout":"","theme-transparent-header-meta":"","adv-header-id-meta":"","stick-header-meta":"","header-above-stick-meta":"","header-main-stick-meta":"","header-below-stick-meta":"","astra-migrate-meta-layouts":"set","ast-page-background-enabled":"default","ast-page-background-meta":{"desktop":{"background-color":"var(--ast-global-color-4)","background-image":"","background-repeat":"repeat","background-position":"center center","background-size":"auto","background-attachment":"scroll","background-type":"","background-media":"","overlay-type":"","overlay-color":"","overlay-opacity":"","overlay-gradient":""},"tablet":{"background-color":"","background-image":"","background-repeat":"repeat","background-position":"center center","background-size":"auto","background-attachment":"scroll","background-type":"","background-media":"","overlay-type":"","overlay-color":"","overlay-opacity":"","overlay-gradient":""},"mobile":{"background-color":"","background-image":"","background-repeat":"repeat","background-position":"center center","background-size":"auto","background-attachment":"scroll","background-type":"","background-media":"","overlay-type":"","overlay-color":"","overlay-opacity":"","overlay-gradient":""}},"ast-content-background-meta":{"desktop":{"background-color":"var(--ast-global-color-5)","background-image":"","background-repeat":"repeat","background-position":"center center","background-size":"auto","background-attachment":"scroll","background-type":"","background-media":"","overlay-type":"","overlay-color":"","overlay-opacity":"","overlay-gradient":""},"tablet":{"background-color":"var(--ast-global-color-5)","background-image":"","background-repeat":"repeat","background-position":"center center","background-size":"auto","background-attachment":"scroll","background-type":"","background-media":"","overlay-type":"","overlay-color":"","overlay-opacity":"","overlay-gradient":""},"mobile":{"background-color":"var(--ast-global-color-5)","background-image":"","background-repeat":"repeat","background-position":"center center","background-size":"auto","background-attachment":"scroll","background-type":"","background-media":"","overlay-type":"","overlay-color":"","overlay-opacity":"","overlay-gradient":""}},"footnotes":""},"categories":[97,98,99,696,102,103,639,117],"tags":[198],"class_list":["post-14461","post","type-post","status-publish","format-standard","has-post-thumbnail","hentry","category-cicle-inicial-els-roures","category-cicle-mitja-els-roures","category-cicle-superior-els-roures","category-primer-cicle-ei-els-roures","category-educacio-infantil-els-roures","category-escola-els-roures","category-escola-els-roures-escola-els-roures","category-grups-els-roures","tag-escola-els-roures"],"post_mailing_queue_ids":[],"_links":{"self":[{"href":"https:\/\/agora.xtec.cat\/zergavarresa\/wp-json\/wp\/v2\/posts\/14461","targetHints":{"allow":["GET"]}}],"collection":[{"href":"https:\/\/agora.xtec.cat\/zergavarresa\/wp-json\/wp\/v2\/posts"}],"about":[{"href":"https:\/\/agora.xtec.cat\/zergavarresa\/wp-json\/wp\/v2\/types\/post"}],"author":[{"embeddable":true,"href":"https:\/\/agora.xtec.cat\/zergavarresa\/wp-json\/wp\/v2\/users\/47"}],"replies":[{"embeddable":true,"href":"https:\/\/agora.xtec.cat\/zergavarresa\/wp-json\/wp\/v2\/comments?post=14461"}],"version-history":[{"count":1,"href":"https:\/\/agora.xtec.cat\/zergavarresa\/wp-json\/wp\/v2\/posts\/14461\/revisions"}],"predecessor-version":[{"id":14463,"href":"https:\/\/agora.xtec.cat\/zergavarresa\/wp-json\/wp\/v2\/posts\/14461\/revisions\/14463"}],"wp:featuredmedia":[{"embeddable":true,"href":"https:\/\/agora.xtec.cat\/zergavarresa\/wp-json\/wp\/v2\/media\/14462"}],"wp:attachment":[{"href":"https:\/\/agora.xtec.cat\/zergavarresa\/wp-json\/wp\/v2\/media?parent=14461"}],"wp:term":[{"taxonomy":"category","embeddable":true,"href":"https:\/\/agora.xtec.cat\/zergavarresa\/wp-json\/wp\/v2\/categories?post=14461"},{"taxonomy":"post_tag","embeddable":true,"href":"https:\/\/agora.xtec.cat\/zergavarresa\/wp-json\/wp\/v2\/tags?post=14461"}],"curies":[{"name":"wp","href":"https:\/\/api.w.org\/{rel}","templated":true}]}}