{"id":1376,"date":"2016-04-11T13:59:20","date_gmt":"2016-04-11T11:59:20","guid":{"rendered":"http:\/\/blocs.xtec.cat\/ceipllevant1\/?p=1376"},"modified":"2016-04-11T13:59:20","modified_gmt":"2016-04-11T11:59:20","slug":"to-kyma-rescat-al-mar-egeu","status":"publish","type":"post","link":"https:\/\/agora.xtec.cat\/zergavarresa\/escola-llevant\/to-kyma-rescat-al-mar-egeu\/","title":{"rendered":"To Kyma. Rescat al mar Egeu"},"content":{"rendered":"<p>Divendres passat vam estar mirant el documental: To Kyma. Rescat al mar Egeu. Ja a principi de curs vam estar mirant qu\u00e8 passava a S\u00edria, perqu\u00e8 marxava tanta gent. Ara ens adonem que encara no s&#8217;ha acabat la problem\u00e0tica. Durant la conversa que fem cada mat\u00ed, va sortir que el catal\u00e0 de l&#8217;any havia estat \u00d2scar Camps \u00e9s director de l&#8217;organitzaci\u00f3 <a href=\"http:\/\/www.proactivaopenarms.org\/\" target=\"_blank\">Proactiva Open Arms<\/a>, que rescata i assisteix els refugiats que arriben a l&#8217;illa de Lesbos. (<a href=\"http:\/\/www.ccma.cat\/tv3\/alacarta\/noticies-324\/oscar-camps-catala-de-lany\/video\/5593798\/\" target=\"_blank\">aqu\u00ed el discurs que va fer a l&#8217;entrega del premi<\/a>)<\/p>\n<blockquote><p><a href=\"http:\/\/www.ccma.cat\/tv3\/alacarta\/sense-ficcio\/to-kyma-rescat-al-mar-egeu\/video\/5579941\/#.VwuRM46kHfQ.wordpress\"><img decoding=\"async\" class=\"alignnone size-full\" src=\"http:\/\/agora.xtec.cat\/zergavarresa\/wp-content\/uploads\/usu1235\/2016\/04\/1455221759900.jpg\" alt=\"\" \/><\/a>Aquest documental narra la proesa d&#8217;un equip de socorristes catalans que s&#8217;han instal\u00b7lat a l&#8217;illa grega de Lesbos amb un \u00fanic objectiu: salvar vides al mar Egeu. Fam\u00edlies senceres, amb nadons i avis, es juguen la vida di\u00e0riament.<\/p><\/blockquote>\n<p>Origen: <em><a href=\"http:\/\/www.ccma.cat\/tv3\/alacarta\/sense-ficcio\/to-kyma-rescat-al-mar-egeu\/video\/5579941\/#.VwuRM46kHfQ.wordpress\">To Kyma. Rescat al mar Egeu<\/a><\/em><\/p>\n","protected":false},"excerpt":{"rendered":"<p>Divendres passat vam estar mirant el documental: To Kyma. Rescat al mar Egeu. Ja a principi de curs vam estar mirant qu\u00e8 passava a S\u00edria, perqu\u00e8 marxava tanta gent. Ara ens adonem que encara no s&#8217;ha acabat la problem\u00e0tica. Durant la conversa que fem cada mat\u00ed, va sortir que el catal\u00e0 de l&#8217;any havia estat [&hellip;]<\/p>\n","protected":false},"author":1,"featured_media":0,"comment_status":"closed","ping_status":"closed","sticky":false,"template":"","format":"standard","meta":{"_bbp_topic_count":0,"_bbp_reply_count":0,"_bbp_total_topic_count":0,"_bbp_total_reply_count":0,"_bbp_voice_count":0,"_bbp_anonymous_reply_count":0,"_bbp_topic_count_hidden":0,"_bbp_reply_count_hidden":0,"_bbp_forum_subforum_count":0,"site-sidebar-layout":"default","site-content-layout":"","ast-site-content-layout":"","site-content-style":"default","site-sidebar-style":"default","ast-global-header-display":"","ast-banner-title-visibility":"","ast-main-header-display":"","ast-hfb-above-header-display":"","ast-hfb-below-header-display":"","ast-hfb-mobile-header-display":"","site-post-title":"","ast-breadcrumbs-content":"","ast-featured-img":"","footer-sml-layout":"","theme-transparent-header-meta":"","adv-header-id-meta":"","stick-header-meta":"","header-above-stick-meta":"","header-main-stick-meta":"","header-below-stick-meta":"","astra-migrate-meta-layouts":"default","ast-page-background-enabled":"default","ast-page-background-meta":{"desktop":{"background-color":"var(--ast-global-color-4)","background-image":"","background-repeat":"repeat","background-position":"center center","background-size":"auto","background-attachment":"scroll","background-type":"","background-media":"","overlay-type":"","overlay-color":"","overlay-opacity":"","overlay-gradient":""},"tablet":{"background-color":"","background-image":"","background-repeat":"repeat","background-position":"center center","background-size":"auto","background-attachment":"scroll","background-type":"","background-media":"","overlay-type":"","overlay-color":"","overlay-opacity":"","overlay-gradient":""},"mobile":{"background-color":"","background-image":"","background-repeat":"repeat","background-position":"center center","background-size":"auto","background-attachment":"scroll","background-type":"","background-media":"","overlay-type":"","overlay-color":"","overlay-opacity":"","overlay-gradient":""}},"ast-content-background-meta":{"desktop":{"background-color":"var(--ast-global-color-5)","background-image":"","background-repeat":"repeat","background-position":"center center","background-size":"auto","background-attachment":"scroll","background-type":"","background-media":"","overlay-type":"","overlay-color":"","overlay-opacity":"","overlay-gradient":""},"tablet":{"background-color":"var(--ast-global-color-5)","background-image":"","background-repeat":"repeat","background-position":"center center","background-size":"auto","background-attachment":"scroll","background-type":"","background-media":"","overlay-type":"","overlay-color":"","overlay-opacity":"","overlay-gradient":""},"mobile":{"background-color":"var(--ast-global-color-5)","background-image":"","background-repeat":"repeat","background-position":"center center","background-size":"auto","background-attachment":"scroll","background-type":"","background-media":"","overlay-type":"","overlay-color":"","overlay-opacity":"","overlay-gradient":""}},"footnotes":""},"categories":[122,124],"tags":[148,160],"class_list":["post-1376","post","type-post","status-publish","format-standard","hentry","category-escola-llevant","category-primaria","tag-escola-llevant","tag-que-passa-al-mon"],"post_mailing_queue_ids":[],"_links":{"self":[{"href":"https:\/\/agora.xtec.cat\/zergavarresa\/wp-json\/wp\/v2\/posts\/1376","targetHints":{"allow":["GET"]}}],"collection":[{"href":"https:\/\/agora.xtec.cat\/zergavarresa\/wp-json\/wp\/v2\/posts"}],"about":[{"href":"https:\/\/agora.xtec.cat\/zergavarresa\/wp-json\/wp\/v2\/types\/post"}],"author":[{"embeddable":true,"href":"https:\/\/agora.xtec.cat\/zergavarresa\/wp-json\/wp\/v2\/users\/1"}],"replies":[{"embeddable":true,"href":"https:\/\/agora.xtec.cat\/zergavarresa\/wp-json\/wp\/v2\/comments?post=1376"}],"version-history":[{"count":0,"href":"https:\/\/agora.xtec.cat\/zergavarresa\/wp-json\/wp\/v2\/posts\/1376\/revisions"}],"wp:attachment":[{"href":"https:\/\/agora.xtec.cat\/zergavarresa\/wp-json\/wp\/v2\/media?parent=1376"}],"wp:term":[{"taxonomy":"category","embeddable":true,"href":"https:\/\/agora.xtec.cat\/zergavarresa\/wp-json\/wp\/v2\/categories?post=1376"},{"taxonomy":"post_tag","embeddable":true,"href":"https:\/\/agora.xtec.cat\/zergavarresa\/wp-json\/wp\/v2\/tags?post=1376"}],"curies":[{"name":"wp","href":"https:\/\/api.w.org\/{rel}","templated":true}]}}