{"id":1060,"date":"2011-11-30T12:46:20","date_gmt":"2011-11-30T10:46:20","guid":{"rendered":"http:\/\/blocs.xtec.cat\/ceipelsroures\/?p=1060"},"modified":"2011-11-30T12:46:20","modified_gmt":"2011-11-30T10:46:20","slug":"dilluns-28-vam-anar-al-teatre","status":"publish","type":"post","link":"https:\/\/agora.xtec.cat\/zergavarresa\/escola-els-roures\/dilluns-28-vam-anar-al-teatre\/","title":{"rendered":"DILLUNS, 28 VAM ANAR AL TEATRE"},"content":{"rendered":"<p>El passat\u00a0 dillus dia 28 els nens i nenes d&#8217; educaci\u00f3 infantil i cicle inicial vam anar al teatre a Prats. Vam sortir de l&#8217;escola a les\u00a03:10 de la tarda amb l&#8217;autocar que ja havia recollit els nens d&#8217; Orist\u00e0.<\/p>\n<p>L&#8217; obra que vam veure era: &#8220;Gong! La hist\u00f2ria de la dragona Mina-Li i va ser representada pel grup Gong Teatre.<\/p>\n<p>L&#8217; obra \u00e9s un conte musical que es basa en les emocions i sentiments que viu una dragona , la Mina-Li, perqu\u00e8 se sent diferent dels altres dragons, ja que ella no sap treure foc per la boca. Tamb\u00e9\u00a0 van sortir-hi altres personatges en forma de titelles: el ratol\u00ed Pilong, la cabra Lela , la serp Yang-Yang i la conilleta Li-Ona.<\/p>\n<p>Ens ho\u00a0 vam passar molt b\u00e9 amb les seves can\u00e7ons i despr\u00e9s d&#8217; aplaudir molt, vam tornar a agafar l&#8217; autocar i a les 5 de la tarda ja torn\u00e0vem a ser a l&#8217; escola.<\/p>\n<p><embed type=\"application\/x-shockwave-flash\" src=\"https:\/\/picasaweb.google.com\/s\/c\/bin\/slideshow.swf\" width=\"288\" height=\"192\" flashvars=\"host=picasaweb.google.com&amp;hl=es&amp;feat=flashalbum&amp;RGB=0x000000&amp;feed=https%3A%2F%2Fpicasaweb.google.com%2Fdata%2Ffeed%2Fapi%2Fuser%2F112119423149354766701%2Falbumid%2F5681140750359143761%3Falt%3Drss%26kind%3Dphoto%26authkey%3DGv1sRgCPDW_9fouIysuAE%26hl%3Des\" pluginspage=\"http:\/\/www.macromedia.com\/go\/getflashplayer\"><\/embed><\/p>\n","protected":false},"excerpt":{"rendered":"<p>El passat\u00a0 dillus dia 28 els nens i nenes d&#8217; educaci\u00f3 infantil i cicle inicial vam anar al teatre a Prats. Vam sortir de l&#8217;escola a les\u00a03:10 de la tarda amb l&#8217;autocar que ja havia recollit els nens d&#8217; Orist\u00e0. L&#8217; obra que vam veure era: &#8220;Gong! La hist\u00f2ria de la dragona Mina-Li i va [&hellip;]<\/p>\n","protected":false},"author":1,"featured_media":0,"comment_status":"open","ping_status":"open","sticky":false,"template":"","format":"standard","meta":{"_bbp_topic_count":0,"_bbp_reply_count":0,"_bbp_total_topic_count":0,"_bbp_total_reply_count":0,"_bbp_voice_count":0,"_bbp_anonymous_reply_count":0,"_bbp_topic_count_hidden":0,"_bbp_reply_count_hidden":0,"_bbp_forum_subforum_count":0,"site-sidebar-layout":"default","site-content-layout":"","ast-site-content-layout":"","site-content-style":"default","site-sidebar-style":"default","ast-global-header-display":"","ast-banner-title-visibility":"","ast-main-header-display":"","ast-hfb-above-header-display":"","ast-hfb-below-header-display":"","ast-hfb-mobile-header-display":"","site-post-title":"","ast-breadcrumbs-content":"","ast-featured-img":"","footer-sml-layout":"","theme-transparent-header-meta":"","adv-header-id-meta":"","stick-header-meta":"","header-above-stick-meta":"","header-main-stick-meta":"","header-below-stick-meta":"","astra-migrate-meta-layouts":"default","ast-page-background-enabled":"default","ast-page-background-meta":{"desktop":{"background-color":"var(--ast-global-color-4)","background-image":"","background-repeat":"repeat","background-position":"center center","background-size":"auto","background-attachment":"scroll","background-type":"","background-media":"","overlay-type":"","overlay-color":"","overlay-opacity":"","overlay-gradient":""},"tablet":{"background-color":"","background-image":"","background-repeat":"repeat","background-position":"center center","background-size":"auto","background-attachment":"scroll","background-type":"","background-media":"","overlay-type":"","overlay-color":"","overlay-opacity":"","overlay-gradient":""},"mobile":{"background-color":"","background-image":"","background-repeat":"repeat","background-position":"center center","background-size":"auto","background-attachment":"scroll","background-type":"","background-media":"","overlay-type":"","overlay-color":"","overlay-opacity":"","overlay-gradient":""}},"ast-content-background-meta":{"desktop":{"background-color":"var(--ast-global-color-5)","background-image":"","background-repeat":"repeat","background-position":"center center","background-size":"auto","background-attachment":"scroll","background-type":"","background-media":"","overlay-type":"","overlay-color":"","overlay-opacity":"","overlay-gradient":""},"tablet":{"background-color":"var(--ast-global-color-5)","background-image":"","background-repeat":"repeat","background-position":"center center","background-size":"auto","background-attachment":"scroll","background-type":"","background-media":"","overlay-type":"","overlay-color":"","overlay-opacity":"","overlay-gradient":""},"mobile":{"background-color":"var(--ast-global-color-5)","background-image":"","background-repeat":"repeat","background-position":"center center","background-size":"auto","background-attachment":"scroll","background-type":"","background-media":"","overlay-type":"","overlay-color":"","overlay-opacity":"","overlay-gradient":""}},"footnotes":""},"categories":[103],"tags":[],"class_list":["post-1060","post","type-post","status-publish","format-standard","hentry","category-escola-els-roures"],"post_mailing_queue_ids":[],"_links":{"self":[{"href":"https:\/\/agora.xtec.cat\/zergavarresa\/wp-json\/wp\/v2\/posts\/1060","targetHints":{"allow":["GET"]}}],"collection":[{"href":"https:\/\/agora.xtec.cat\/zergavarresa\/wp-json\/wp\/v2\/posts"}],"about":[{"href":"https:\/\/agora.xtec.cat\/zergavarresa\/wp-json\/wp\/v2\/types\/post"}],"author":[{"embeddable":true,"href":"https:\/\/agora.xtec.cat\/zergavarresa\/wp-json\/wp\/v2\/users\/1"}],"replies":[{"embeddable":true,"href":"https:\/\/agora.xtec.cat\/zergavarresa\/wp-json\/wp\/v2\/comments?post=1060"}],"version-history":[{"count":0,"href":"https:\/\/agora.xtec.cat\/zergavarresa\/wp-json\/wp\/v2\/posts\/1060\/revisions"}],"wp:attachment":[{"href":"https:\/\/agora.xtec.cat\/zergavarresa\/wp-json\/wp\/v2\/media?parent=1060"}],"wp:term":[{"taxonomy":"category","embeddable":true,"href":"https:\/\/agora.xtec.cat\/zergavarresa\/wp-json\/wp\/v2\/categories?post=1060"},{"taxonomy":"post_tag","embeddable":true,"href":"https:\/\/agora.xtec.cat\/zergavarresa\/wp-json\/wp\/v2\/tags?post=1060"}],"curies":[{"name":"wp","href":"https:\/\/api.w.org\/{rel}","templated":true}]}}