{"id":7884,"date":"2026-04-29T13:08:43","date_gmt":"2026-04-29T11:08:43","guid":{"rendered":"https:\/\/agora.xtec.cat\/zergarriguesaltes\/?p=7884"},"modified":"2026-04-29T13:08:43","modified_gmt":"2026-04-29T11:08:43","slug":"llenguatge-matematic-a-la-primavera","status":"publish","type":"post","link":"https:\/\/agora.xtec.cat\/zergarriguesaltes\/soleras\/llenguatge-matematic-a-la-primavera\/","title":{"rendered":"Llenguatge matem\u00e0tic a la primavera."},"content":{"rendered":"<p>Amb l\u2019arribada de la primavera, l\u2019entorn de l\u2019escola s\u2019omple de vida i ofereix noves oportunitats d\u2019aprenentatge. Els insectes esdevenen protagonistes i desperten la curiositat dels infants, convidant-los a observar, investigar i descobrir el m\u00f3n que els envolta.<\/p>\n<p>A partir d\u2019aquest inter\u00e8s, treballem diferents llenguatges, destacant el llenguatge matem\u00e0tic a trav\u00e9s de propostes manipulatives i vivencials. Els infants compten, classifiquen, comparen i identifiquen formes i patrons de manera l\u00fadica, construint coneixement a partir de l\u2019experi\u00e8ncia.<\/p>\n<p>El llenguatge matem\u00e0tic al primer cicle d\u2019educaci\u00f3 infantil \u00e9s essencial per desenvolupar el pensament l\u00f2gic i comprendre l\u2019entorn. Mitjan\u00e7ant el joc i l\u2019experimentaci\u00f3, els infants adquireixen habilitats com l\u2019atenci\u00f3, la resoluci\u00f3 de problemes i la comunicaci\u00f3, tot gaudint del proc\u00e9s d\u2019aprendre.<\/p>\n<p><a href=\"https:\/\/agora.xtec.cat\/zergarriguesaltes\/wp-content\/uploads\/usu1308\/2026\/04\/Abril.pdf\">Abril<\/a><\/p>\n","protected":false},"excerpt":{"rendered":"<p>Amb l\u2019arribada de la primavera, l\u2019entorn de l\u2019escola s\u2019omple de vida i ofereix noves oportunitats d\u2019aprenentatge. Els insectes esdevenen protagonistes i desperten la curiositat dels infants, convidant-los a observar, investigar i descobrir el m\u00f3n que els envolta.<br \/>\nA partir d\u2019aquest inter\u00e8s, treballem diferents llenguatges, destacant el&hellip;  <a href=\"https:\/\/agora.xtec.cat\/zergarriguesaltes\/soleras\/llenguatge-matematic-a-la-primavera\/\" title=\"Read Llenguatge matem\u00e0tic a la primavera.\">Llegeix m\u00e9s\u00bb<\/a><\/p>\n","protected":false},"author":36,"featured_media":7886,"comment_status":"open","ping_status":"open","sticky":false,"template":"","format":"standard","meta":{"_bbp_topic_count":0,"_bbp_reply_count":0,"_bbp_total_topic_count":0,"_bbp_total_reply_count":0,"_bbp_voice_count":0,"_bbp_anonymous_reply_count":0,"_bbp_topic_count_hidden":0,"_bbp_reply_count_hidden":0,"_bbp_forum_subforum_count":0,"footnotes":""},"categories":[59],"tags":[],"class_list":["post-7884","post","type-post","status-publish","format-standard","has-post-thumbnail","hentry","category-soleras"],"post_mailing_queue_ids":[],"_links":{"self":[{"href":"https:\/\/agora.xtec.cat\/zergarriguesaltes\/wp-json\/wp\/v2\/posts\/7884","targetHints":{"allow":["GET"]}}],"collection":[{"href":"https:\/\/agora.xtec.cat\/zergarriguesaltes\/wp-json\/wp\/v2\/posts"}],"about":[{"href":"https:\/\/agora.xtec.cat\/zergarriguesaltes\/wp-json\/wp\/v2\/types\/post"}],"author":[{"embeddable":true,"href":"https:\/\/agora.xtec.cat\/zergarriguesaltes\/wp-json\/wp\/v2\/users\/36"}],"replies":[{"embeddable":true,"href":"https:\/\/agora.xtec.cat\/zergarriguesaltes\/wp-json\/wp\/v2\/comments?post=7884"}],"version-history":[{"count":2,"href":"https:\/\/agora.xtec.cat\/zergarriguesaltes\/wp-json\/wp\/v2\/posts\/7884\/revisions"}],"predecessor-version":[{"id":7888,"href":"https:\/\/agora.xtec.cat\/zergarriguesaltes\/wp-json\/wp\/v2\/posts\/7884\/revisions\/7888"}],"wp:featuredmedia":[{"embeddable":true,"href":"https:\/\/agora.xtec.cat\/zergarriguesaltes\/wp-json\/wp\/v2\/media\/7886"}],"wp:attachment":[{"href":"https:\/\/agora.xtec.cat\/zergarriguesaltes\/wp-json\/wp\/v2\/media?parent=7884"}],"wp:term":[{"taxonomy":"category","embeddable":true,"href":"https:\/\/agora.xtec.cat\/zergarriguesaltes\/wp-json\/wp\/v2\/categories?post=7884"},{"taxonomy":"post_tag","embeddable":true,"href":"https:\/\/agora.xtec.cat\/zergarriguesaltes\/wp-json\/wp\/v2\/tags?post=7884"}],"curies":[{"name":"wp","href":"https:\/\/api.w.org\/{rel}","templated":true}]}}