{"id":7880,"date":"2026-04-29T11:46:17","date_gmt":"2026-04-29T09:46:17","guid":{"rendered":"https:\/\/agora.xtec.cat\/zergarriguesaltes\/?p=7880"},"modified":"2026-04-29T11:46:17","modified_gmt":"2026-04-29T09:46:17","slug":"jornada-esportiva-a-juneda-amb-lalumnat-de-cicle-mitja","status":"publish","type":"post","link":"https:\/\/agora.xtec.cat\/zergarriguesaltes\/portada\/general\/jornada-esportiva-a-juneda-amb-lalumnat-de-cicle-mitja\/","title":{"rendered":"JORNADA ESPORTIVA A JUNEDA AMB L\u2019ALUMNAT DE CICLE MITJ\u00c0"},"content":{"rendered":"<p>El municipi de Juneda va acollir ahir dimarts 28 d\u2019abril, la <strong>jornada esportiva<\/strong> adre\u00e7ada a <strong>l\u2019alumnat de cicle mitj\u00e0 de les escoles de la comarca de les Garrigues<\/strong>. L\u2019activitat, organitzada pel Consell Esportiu de les Garrigues amb la col\u00b7laboraci\u00f3 del professorat d\u2019educaci\u00f3 f\u00edsica dels diferents centres educatius, ha reunit nens i nenes de tercer i quart en un mat\u00ed ple de moviment, diversi\u00f3 i conviv\u00e8ncia. L\u2019escenari de la trobada ha estat l\u2019espai esportiu del camp de futbol de Juneda, que s\u2019ha convertit en un circuit d\u2019estacions amb propostes esportives diverses. Els participants han pogut gaudir d\u2019activitats com el futbol, l\u2019hoquei, la zumba, el dachtball i tamb\u00e9 esports adaptats, fomentant aix\u00ed la inclusi\u00f3 i la participaci\u00f3 de tothom. Cada estaci\u00f3 ha estat pensada per treballar habilitats motrius, el treball en equip i el respecte entre companys i companyes. M\u00e9s enll\u00e0 de la pr\u00e0ctica esportiva, la jornada ha tingut com a objectiu principal afavorir la conviv\u00e8ncia entre l\u2019alumnat de diferents escoles de la comarca. Aquesta trobada ha perm\u00e8s que els infants interactuessin, es coneguessin i compartissin experi\u00e8ncies en un entorn l\u00fadic i saludable, amb l\u2019activitat f\u00edsica com a eix central.<\/p>\n<p>Sens dubte, una jornada enriquidora que consolida l\u2019esport com una eina educativa de gran valor.<\/p>\n<p><img loading=\"lazy\" decoding=\"async\" class=\"aligncenter size-full wp-image-7881\" src=\"https:\/\/agora.xtec.cat\/zergarriguesaltes\/wp-content\/uploads\/usu1308\/2026\/04\/WhatsApp-Image-2026-04-28-at-14.51.09.jpeg\" alt=\"\" width=\"2040\" height=\"1530\" srcset=\"https:\/\/agora.xtec.cat\/zergarriguesaltes\/wp-content\/uploads\/usu1308\/2026\/04\/WhatsApp-Image-2026-04-28-at-14.51.09.jpeg 2040w, https:\/\/agora.xtec.cat\/zergarriguesaltes\/wp-content\/uploads\/usu1308\/2026\/04\/WhatsApp-Image-2026-04-28-at-14.51.09-300x225.jpeg 300w, https:\/\/agora.xtec.cat\/zergarriguesaltes\/wp-content\/uploads\/usu1308\/2026\/04\/WhatsApp-Image-2026-04-28-at-14.51.09-1024x768.jpeg 1024w, https:\/\/agora.xtec.cat\/zergarriguesaltes\/wp-content\/uploads\/usu1308\/2026\/04\/WhatsApp-Image-2026-04-28-at-14.51.09-768x576.jpeg 768w, https:\/\/agora.xtec.cat\/zergarriguesaltes\/wp-content\/uploads\/usu1308\/2026\/04\/WhatsApp-Image-2026-04-28-at-14.51.09-1536x1152.jpeg 1536w, https:\/\/agora.xtec.cat\/zergarriguesaltes\/wp-content\/uploads\/usu1308\/2026\/04\/WhatsApp-Image-2026-04-28-at-14.51.09-200x150.jpeg 200w\" sizes=\"auto, (max-width: 2040px) 100vw, 2040px\" \/> <img loading=\"lazy\" decoding=\"async\" class=\"aligncenter size-full wp-image-7882\" src=\"https:\/\/agora.xtec.cat\/zergarriguesaltes\/wp-content\/uploads\/usu1308\/2026\/04\/WhatsApp-Image-2026-04-29-at-09.22.57.jpeg\" alt=\"\" width=\"2048\" height=\"1536\" srcset=\"https:\/\/agora.xtec.cat\/zergarriguesaltes\/wp-content\/uploads\/usu1308\/2026\/04\/WhatsApp-Image-2026-04-29-at-09.22.57.jpeg 2048w, https:\/\/agora.xtec.cat\/zergarriguesaltes\/wp-content\/uploads\/usu1308\/2026\/04\/WhatsApp-Image-2026-04-29-at-09.22.57-300x225.jpeg 300w, https:\/\/agora.xtec.cat\/zergarriguesaltes\/wp-content\/uploads\/usu1308\/2026\/04\/WhatsApp-Image-2026-04-29-at-09.22.57-1024x768.jpeg 1024w, https:\/\/agora.xtec.cat\/zergarriguesaltes\/wp-content\/uploads\/usu1308\/2026\/04\/WhatsApp-Image-2026-04-29-at-09.22.57-768x576.jpeg 768w, https:\/\/agora.xtec.cat\/zergarriguesaltes\/wp-content\/uploads\/usu1308\/2026\/04\/WhatsApp-Image-2026-04-29-at-09.22.57-1536x1152.jpeg 1536w, https:\/\/agora.xtec.cat\/zergarriguesaltes\/wp-content\/uploads\/usu1308\/2026\/04\/WhatsApp-Image-2026-04-29-at-09.22.57-200x150.jpeg 200w\" sizes=\"auto, (max-width: 2048px) 100vw, 2048px\" \/><\/p>\n","protected":false},"excerpt":{"rendered":"<p>El municipi de Juneda va acollir ahir dimarts 28 d\u2019abril, la jornada esportiva adre\u00e7ada a l\u2019alumnat de cicle mitj\u00e0 de les escoles de la comarca de les Garrigues. L\u2019activitat, organitzada pel Consell Esportiu de les Garrigues amb la col\u00b7laboraci\u00f3 del professorat d\u2019educaci\u00f3 f\u00edsica dels diferents&hellip;  <a href=\"https:\/\/agora.xtec.cat\/zergarriguesaltes\/portada\/general\/jornada-esportiva-a-juneda-amb-lalumnat-de-cicle-mitja\/\" title=\"Read JORNADA ESPORTIVA A JUNEDA AMB L\u2019ALUMNAT DE CICLE MITJ\u00c0\">Llegeix m\u00e9s\u00bb<\/a><\/p>\n","protected":false},"author":5,"featured_media":0,"comment_status":"open","ping_status":"open","sticky":false,"template":"","format":"standard","meta":{"_bbp_topic_count":0,"_bbp_reply_count":0,"_bbp_total_topic_count":0,"_bbp_total_reply_count":0,"_bbp_voice_count":0,"_bbp_anonymous_reply_count":0,"_bbp_topic_count_hidden":0,"_bbp_reply_count_hidden":0,"_bbp_forum_subforum_count":0,"footnotes":""},"categories":[1],"tags":[],"class_list":["post-7880","post","type-post","status-publish","format-standard","hentry","category-general"],"post_mailing_queue_ids":[],"_links":{"self":[{"href":"https:\/\/agora.xtec.cat\/zergarriguesaltes\/wp-json\/wp\/v2\/posts\/7880","targetHints":{"allow":["GET"]}}],"collection":[{"href":"https:\/\/agora.xtec.cat\/zergarriguesaltes\/wp-json\/wp\/v2\/posts"}],"about":[{"href":"https:\/\/agora.xtec.cat\/zergarriguesaltes\/wp-json\/wp\/v2\/types\/post"}],"author":[{"embeddable":true,"href":"https:\/\/agora.xtec.cat\/zergarriguesaltes\/wp-json\/wp\/v2\/users\/5"}],"replies":[{"embeddable":true,"href":"https:\/\/agora.xtec.cat\/zergarriguesaltes\/wp-json\/wp\/v2\/comments?post=7880"}],"version-history":[{"count":1,"href":"https:\/\/agora.xtec.cat\/zergarriguesaltes\/wp-json\/wp\/v2\/posts\/7880\/revisions"}],"predecessor-version":[{"id":7883,"href":"https:\/\/agora.xtec.cat\/zergarriguesaltes\/wp-json\/wp\/v2\/posts\/7880\/revisions\/7883"}],"wp:attachment":[{"href":"https:\/\/agora.xtec.cat\/zergarriguesaltes\/wp-json\/wp\/v2\/media?parent=7880"}],"wp:term":[{"taxonomy":"category","embeddable":true,"href":"https:\/\/agora.xtec.cat\/zergarriguesaltes\/wp-json\/wp\/v2\/categories?post=7880"},{"taxonomy":"post_tag","embeddable":true,"href":"https:\/\/agora.xtec.cat\/zergarriguesaltes\/wp-json\/wp\/v2\/tags?post=7880"}],"curies":[{"name":"wp","href":"https:\/\/api.w.org\/{rel}","templated":true}]}}