{"id":7825,"date":"2026-04-16T09:26:16","date_gmt":"2026-04-16T07:26:16","guid":{"rendered":"https:\/\/agora.xtec.cat\/zergarriguesaltes\/?p=7825"},"modified":"2026-04-24T22:24:50","modified_gmt":"2026-04-24T20:24:50","slug":"%f0%9f%8e%99%ef%b8%8f-la-llegenda-de-sant-jordi-arriba-a-laula-de-suport-linguistic","status":"publish","type":"post","link":"https:\/\/agora.xtec.cat\/zergarriguesaltes\/soleras\/%f0%9f%8e%99%ef%b8%8f-la-llegenda-de-sant-jordi-arriba-a-laula-de-suport-linguistic\/","title":{"rendered":"\ud83c\udf99\ufe0f La llegenda de Sant Jordi arriba a l&#8217;Aula de Suport Ling\u00fc\u00edstic!"},"content":{"rendered":"<p data-path-to-node=\"3\">Amb motiu de la <b data-path-to-node=\"3\" data-index-in-node=\"16\">Diada de Sant Jordi<\/b>, els alumnes de l&#8217;Aula de Suport Ling\u00fc\u00edstic hem gravat un podcast molt especial. Hem canviat els llibres pels micr\u00f2fons per explicar la llegenda del cavaller i el drac amb les nostres pr\u00f2pies veus!<\/p>\n<p data-path-to-node=\"4\">Aquesta activitat ens ha servit per practicar la <b data-path-to-node=\"4\" data-index-in-node=\"49\">llengua catalana<\/b> d&#8217;una manera diferent i creativa. Hem treballat el vocabulari, la lectura i la pron\u00fancia, per\u00f2 el millor de tot \u00e9s que <b data-path-to-node=\"4\" data-index-in-node=\"185\">ens ho hem passat d&#8217;all\u00f2 m\u00e9s b\u00e9!<\/b><\/p>\n<p data-path-to-node=\"5\">Us convidem a escoltar el resultat d&#8217;aquest treball fet amb molta il\u00b7lusi\u00f3.<\/p>\n<p data-path-to-node=\"6\">\ud83c\udfa7 <a href=\"https:\/\/drive.google.com\/file\/d\/1Iw6J1VIQwWD1DTKWielvCZuhghRmc4K0\/view?usp=sharing\"><b data-path-to-node=\"6\" data-index-in-node=\"3\">Escolta el nostre podcast (clic aqu\u00ed)<\/b>\u00a0<\/a><\/p>\n<p data-path-to-node=\"7\"><b data-path-to-node=\"7\" data-index-in-node=\"0\">Bona Diada a tothom!<\/b><\/p>\n<p data-path-to-node=\"7\"><a href=\"https:\/\/agora.xtec.cat\/zergarriguesaltes\/wp-content\/uploads\/usu1308\/2026\/04\/IMG_9541-scaled.jpg\"><img loading=\"lazy\" decoding=\"async\" class=\"alignnone size-large wp-image-7826\" src=\"https:\/\/agora.xtec.cat\/zergarriguesaltes\/wp-content\/uploads\/usu1308\/2026\/04\/IMG_9541-1024x768.jpg\" alt=\"\" width=\"1024\" height=\"768\" srcset=\"https:\/\/agora.xtec.cat\/zergarriguesaltes\/wp-content\/uploads\/usu1308\/2026\/04\/IMG_9541-1024x768.jpg 1024w, https:\/\/agora.xtec.cat\/zergarriguesaltes\/wp-content\/uploads\/usu1308\/2026\/04\/IMG_9541-300x225.jpg 300w, https:\/\/agora.xtec.cat\/zergarriguesaltes\/wp-content\/uploads\/usu1308\/2026\/04\/IMG_9541-768x576.jpg 768w, https:\/\/agora.xtec.cat\/zergarriguesaltes\/wp-content\/uploads\/usu1308\/2026\/04\/IMG_9541-1536x1152.jpg 1536w, https:\/\/agora.xtec.cat\/zergarriguesaltes\/wp-content\/uploads\/usu1308\/2026\/04\/IMG_9541-2048x1536.jpg 2048w, https:\/\/agora.xtec.cat\/zergarriguesaltes\/wp-content\/uploads\/usu1308\/2026\/04\/IMG_9541-200x150.jpg 200w\" sizes=\"auto, (max-width: 1024px) 100vw, 1024px\" \/><\/a><\/p>\n","protected":false},"excerpt":{"rendered":"<p>Amb motiu de la Diada de Sant Jordi, els alumnes de l&#8217;Aula de Suport Ling\u00fc\u00edstic hem gravat un podcast molt especial. Hem canviat els llibres pels micr\u00f2fons per explicar la llegenda del cavaller i el drac amb les nostres pr\u00f2pies veus!<br \/>\nAquesta activitat ens ha servit&hellip;  <a href=\"https:\/\/agora.xtec.cat\/zergarriguesaltes\/soleras\/%f0%9f%8e%99%ef%b8%8f-la-llegenda-de-sant-jordi-arriba-a-laula-de-suport-linguistic\/\" title=\"Read \ud83c\udf99\ufe0f La llegenda de Sant Jordi arriba a l&#8217;Aula de Suport Ling\u00fc\u00edstic!\">Llegeix m\u00e9s\u00bb<\/a><\/p>\n","protected":false},"author":39,"featured_media":0,"comment_status":"open","ping_status":"open","sticky":false,"template":"","format":"standard","meta":{"_bbp_topic_count":0,"_bbp_reply_count":0,"_bbp_total_topic_count":0,"_bbp_total_reply_count":0,"_bbp_voice_count":0,"_bbp_anonymous_reply_count":0,"_bbp_topic_count_hidden":0,"_bbp_reply_count_hidden":0,"_bbp_forum_subforum_count":0,"footnotes":""},"categories":[73,59],"tags":[306,216,311,255,182,297,38],"class_list":["post-7825","post","type-post","status-publish","format-standard","hentry","category-cicle-mitja-i-superior","category-soleras","tag-catala","tag-cicle-mitja","tag-cicle-superior","tag-cm","tag-cs","tag-escola-del-soleras","tag-sant-jordi"],"post_mailing_queue_ids":[],"_links":{"self":[{"href":"https:\/\/agora.xtec.cat\/zergarriguesaltes\/wp-json\/wp\/v2\/posts\/7825","targetHints":{"allow":["GET"]}}],"collection":[{"href":"https:\/\/agora.xtec.cat\/zergarriguesaltes\/wp-json\/wp\/v2\/posts"}],"about":[{"href":"https:\/\/agora.xtec.cat\/zergarriguesaltes\/wp-json\/wp\/v2\/types\/post"}],"author":[{"embeddable":true,"href":"https:\/\/agora.xtec.cat\/zergarriguesaltes\/wp-json\/wp\/v2\/users\/39"}],"replies":[{"embeddable":true,"href":"https:\/\/agora.xtec.cat\/zergarriguesaltes\/wp-json\/wp\/v2\/comments?post=7825"}],"version-history":[{"count":1,"href":"https:\/\/agora.xtec.cat\/zergarriguesaltes\/wp-json\/wp\/v2\/posts\/7825\/revisions"}],"predecessor-version":[{"id":7827,"href":"https:\/\/agora.xtec.cat\/zergarriguesaltes\/wp-json\/wp\/v2\/posts\/7825\/revisions\/7827"}],"wp:attachment":[{"href":"https:\/\/agora.xtec.cat\/zergarriguesaltes\/wp-json\/wp\/v2\/media?parent=7825"}],"wp:term":[{"taxonomy":"category","embeddable":true,"href":"https:\/\/agora.xtec.cat\/zergarriguesaltes\/wp-json\/wp\/v2\/categories?post=7825"},{"taxonomy":"post_tag","embeddable":true,"href":"https:\/\/agora.xtec.cat\/zergarriguesaltes\/wp-json\/wp\/v2\/tags?post=7825"}],"curies":[{"name":"wp","href":"https:\/\/api.w.org\/{rel}","templated":true}]}}