{"id":7136,"date":"2025-04-22T09:31:19","date_gmt":"2025-04-22T07:31:19","guid":{"rendered":"https:\/\/agora.xtec.cat\/zergarriguesaltes\/?p=7136"},"modified":"2025-04-22T09:31:19","modified_gmt":"2025-04-22T07:31:19","slug":"celebrem-lanimacio-lectora-xxiv","status":"publish","type":"post","link":"https:\/\/agora.xtec.cat\/zergarriguesaltes\/portada\/general\/celebrem-lanimacio-lectora-xxiv\/","title":{"rendered":"Celebrem l\u2019Animaci\u00f3 lectora XXIV!"},"content":{"rendered":"<p class=\"\" data-start=\"160\" data-end=\"377\">El dia <strong data-start=\"166\" data-end=\"188\">11 d\u2019abril de 2025<\/strong>, <strong data-start=\"190\" data-end=\"206\">a la ZER<\/strong> vam celebrar la Jornada d\u2019Animaci\u00f3 Lectora de la ZER a <strong data-start=\"249\" data-end=\"260\">Juncosa<\/strong>, just abans de comen\u00e7ar les vacances de Setmana Santa. Vam repetir la din\u00e0mica del curs passat, que va agradar molt!<\/p>\n<p class=\"\" data-start=\"379\" data-end=\"642\">Els <strong data-start=\"383\" data-end=\"405\">alumnes d\u2019infantil<\/strong> van gaudir de la representaci\u00f3 del conte <em data-start=\"447\" data-end=\"484\">La rateta que escombrava l\u2019escaleta<\/em>, explicat amb obres xineses per la mestra Isabel, i despr\u00e9s van participar en <strong data-start=\"563\" data-end=\"615\">racons amb activitats manipulatives i pl\u00e0stiques<\/strong> relacionades amb el conte.<\/p>\n<p class=\"\" data-start=\"644\" data-end=\"911\">Els <strong data-start=\"648\" data-end=\"671\">alumnes de prim\u00e0ria<\/strong> es van convertir en <strong data-start=\"691\" data-end=\"705\">aventurers\/es<\/strong>\u00a0per ajudar en Shrek a retornar els personatges dels contes tradicionals, resolent <strong data-start=\"789\" data-end=\"824\">enigmes i proves en un Breakout<\/strong>. Un cop superades, van obrir el cadenat i van crear la <strong data-start=\"857\" data-end=\"873\">poci\u00f3 m\u00e0gica<\/strong> per tornar-los a les seves hist\u00f2ries!<\/p>\n<p class=\"\" data-start=\"913\" data-end=\"1153\">A la tarda, els m\u00e9s petits van jugar a <strong data-start=\"948\" data-end=\"969\">jocs tradicionals<\/strong> dinamitzats pels mestres i els practicants, i els m\u00e9s grans van assistir al taller <strong data-start=\"1053\" data-end=\"1086\">\u201cAprenent a ser antiracista!\u201d<\/strong> amb <strong data-start=\"1091\" data-end=\"1106\">SOS Racisme<\/strong>, reflexionant sobre la igualtat i el respecte.<\/p>\n<p class=\"\" data-start=\"1155\" data-end=\"1203\">Una jornada plena de lectura, valors i diversi\u00f3!<\/p>\n<p data-start=\"1155\" data-end=\"1203\">Feu clic a la imatge i podreu veure el v\u00eddeo!<\/p>\n<p data-start=\"1155\" data-end=\"1203\"><a href=\"https:\/\/drive.google.com\/file\/d\/1_CD5mR8Y_GZcqJhv8laFkOLtLQFP4pwT\/view?usp=sharing\"><img loading=\"lazy\" decoding=\"async\" class=\"alignnone size-full wp-image-7149\" src=\"https:\/\/agora.xtec.cat\/zergarriguesaltes\/wp-content\/uploads\/usu1308\/2025\/04\/Captura-de-pantalla-2025-04-22-092816.png\" alt=\"\" width=\"637\" height=\"355\" srcset=\"https:\/\/agora.xtec.cat\/zergarriguesaltes\/wp-content\/uploads\/usu1308\/2025\/04\/Captura-de-pantalla-2025-04-22-092816.png 637w, https:\/\/agora.xtec.cat\/zergarriguesaltes\/wp-content\/uploads\/usu1308\/2025\/04\/Captura-de-pantalla-2025-04-22-092816-300x167.png 300w\" sizes=\"auto, (max-width: 637px) 100vw, 637px\" \/><\/a><\/p>\n","protected":false},"excerpt":{"rendered":"<p>El dia 11 d\u2019abril de 2025, a la ZER vam celebrar la Jornada d\u2019Animaci\u00f3 Lectora de la ZER a Juncosa, just abans de comen\u00e7ar les vacances de Setmana Santa. Vam repetir la din\u00e0mica del curs passat, que va agradar molt!<br \/>\nEls alumnes d\u2019infantil van gaudir de&hellip;  <a href=\"https:\/\/agora.xtec.cat\/zergarriguesaltes\/portada\/general\/celebrem-lanimacio-lectora-xxiv\/\" title=\"Read Celebrem l\u2019Animaci\u00f3 lectora XXIV!\">Llegeix m\u00e9s\u00bb<\/a><\/p>\n","protected":false},"author":1,"featured_media":0,"comment_status":"open","ping_status":"closed","sticky":false,"template":"","format":"standard","meta":{"_bbp_topic_count":0,"_bbp_reply_count":0,"_bbp_total_topic_count":0,"_bbp_total_reply_count":0,"_bbp_voice_count":0,"_bbp_anonymous_reply_count":0,"_bbp_topic_count_hidden":0,"_bbp_reply_count_hidden":0,"_bbp_forum_subforum_count":0,"footnotes":""},"categories":[1],"tags":[],"class_list":["post-7136","post","type-post","status-publish","format-standard","hentry","category-general"],"post_mailing_queue_ids":[],"_links":{"self":[{"href":"https:\/\/agora.xtec.cat\/zergarriguesaltes\/wp-json\/wp\/v2\/posts\/7136","targetHints":{"allow":["GET"]}}],"collection":[{"href":"https:\/\/agora.xtec.cat\/zergarriguesaltes\/wp-json\/wp\/v2\/posts"}],"about":[{"href":"https:\/\/agora.xtec.cat\/zergarriguesaltes\/wp-json\/wp\/v2\/types\/post"}],"author":[{"embeddable":true,"href":"https:\/\/agora.xtec.cat\/zergarriguesaltes\/wp-json\/wp\/v2\/users\/1"}],"replies":[{"embeddable":true,"href":"https:\/\/agora.xtec.cat\/zergarriguesaltes\/wp-json\/wp\/v2\/comments?post=7136"}],"version-history":[{"count":3,"href":"https:\/\/agora.xtec.cat\/zergarriguesaltes\/wp-json\/wp\/v2\/posts\/7136\/revisions"}],"predecessor-version":[{"id":7150,"href":"https:\/\/agora.xtec.cat\/zergarriguesaltes\/wp-json\/wp\/v2\/posts\/7136\/revisions\/7150"}],"wp:attachment":[{"href":"https:\/\/agora.xtec.cat\/zergarriguesaltes\/wp-json\/wp\/v2\/media?parent=7136"}],"wp:term":[{"taxonomy":"category","embeddable":true,"href":"https:\/\/agora.xtec.cat\/zergarriguesaltes\/wp-json\/wp\/v2\/categories?post=7136"},{"taxonomy":"post_tag","embeddable":true,"href":"https:\/\/agora.xtec.cat\/zergarriguesaltes\/wp-json\/wp\/v2\/tags?post=7136"}],"curies":[{"name":"wp","href":"https:\/\/api.w.org\/{rel}","templated":true}]}}