{"id":6855,"date":"2024-10-29T20:11:56","date_gmt":"2024-10-29T19:11:56","guid":{"rendered":"https:\/\/agora.xtec.cat\/zergarriguesaltes\/?p=6855"},"modified":"2024-10-29T20:11:56","modified_gmt":"2024-10-29T19:11:56","slug":"2a-jornada-de-convivencia-de-zer","status":"publish","type":"post","link":"https:\/\/agora.xtec.cat\/zergarriguesaltes\/portada\/general\/2a-jornada-de-convivencia-de-zer\/","title":{"rendered":"2a JORNADA DE CONVIV\u00c8NCIA DE ZER"},"content":{"rendered":"<p>El divendres passat les dues escoles que configuren la ZER Garrigues Altes ens vam reunir al poble del Soler\u00e0s per a celebrar la <span class=\"hiddenGrammarError\" style=\"padding-bottom: 2px; background-image: url('..\/..\/..\/..\/..\/images\/squiggle.png'); background-repeat: repeat-x; background-position: left bottom; cursor: default; color: #000000; font-family: 'Open Sans', Helvetica, Arial, sans-serif; font-size: 16px; font-style: normal; font-variant-ligatures: normal; font-variant-caps: normal; font-weight: 300; letter-spacing: normal; orphans: 2; text-align: start; text-indent: 0px; text-transform: none; widows: 2; word-spacing: 0px; -webkit-text-stroke-width: 0px; white-space: normal; text-decoration-thickness: initial; text-decoration-style: initial; text-decoration-color: initial;\">2\u00aa<\/span>\u00a0JORNADA DE CONVIV\u00c8NCIA. Al llarg del dia vam\u00a0dur a terme\u00a0diferents activitats al voltant dels JOCS OL\u00cdMPICS. Durant el mat\u00ed, els i les alumnes\u00a0distribu\u00efts\u00a0en grups multinivell des de l&#8217;educaci\u00f3 infantil fins a 6\u00e8 de prim\u00e0ria, es van enfrontar en diferents proves de jocs ol\u00edmpics. Els i les mestres estaven repartits en 6 estacions diferents on van dinamitzar:<br \/>\n&#8211; Llan\u00e7ament de pes.<br \/>\n&#8211; Salt de llargada.<br \/>\n&#8211; Coreografia de gimn\u00e0stica art\u00edstica.<br \/>\n-Nataci\u00f3 sincronitzada.<br \/>\n&#8211;\u00a0Tenis.<br \/>\nDespr\u00e9s d&#8217;esmorzar, vam rebre la visita d&#8217;en Sergi Escobar que \u00e9s un ciclista que va participar en<br \/>\nDos\u00a0Jocs Ol\u00edmpics d&#8217;estiu, en els anys 2004 i 2008, obtenint en total dues medalles de bronze, en\u00a0les proves\u00a0de\u00a0persecuci\u00f3\u00a0individual i persecuci\u00f3 per equips. Ell mateix ens va fer l&#8217;entrega d&#8217;una medalla i un diploma per haver\u00a0participat\u00a0en els JOCS OL\u00cdMPICS de ZER.<br \/>\nEn acabar de dinar, i per concloure la jornada, vam\u00a0fer\u00a0dues activitats de\u00a0car\u00e0cter\u00a0m\u00e9s pl\u00e0stic, on els i les alumnes van confeccionar la TORXA OL\u00cdMPICA i van estampar la CAMISETA dels Jocs ol\u00edmpics de ZER.<\/p>\n<p><a href=\"https:\/\/drive.google.com\/drive\/folders\/165fgiLmIkzDzkT6Xd1nD3BB5843UCVoV?usp=drive_link\"><img loading=\"lazy\" decoding=\"async\" class=\"alignnone size-full wp-image-6856\" src=\"https:\/\/agora.xtec.cat\/zergarriguesaltes\/wp-content\/uploads\/usu1308\/2024\/10\/jornada.png\" alt=\"\" width=\"993\" height=\"556\" srcset=\"https:\/\/agora.xtec.cat\/zergarriguesaltes\/wp-content\/uploads\/usu1308\/2024\/10\/jornada.png 993w, https:\/\/agora.xtec.cat\/zergarriguesaltes\/wp-content\/uploads\/usu1308\/2024\/10\/jornada-300x168.png 300w, https:\/\/agora.xtec.cat\/zergarriguesaltes\/wp-content\/uploads\/usu1308\/2024\/10\/jornada-768x430.png 768w\" sizes=\"auto, (max-width: 993px) 100vw, 993px\" \/><\/a><\/p>\n","protected":false},"excerpt":{"rendered":"<p>El divendres passat les dues escoles que configuren la ZER Garrigues Altes ens vam reunir al poble del Soler\u00e0s per a celebrar la 2\u00aa\u00a0JORNADA DE CONVIV\u00c8NCIA. Al llarg del dia vam\u00a0dur a terme\u00a0diferents activitats al voltant dels JOCS OL\u00cdMPICS. Durant el mat\u00ed, els i les&hellip;  <a href=\"https:\/\/agora.xtec.cat\/zergarriguesaltes\/portada\/general\/2a-jornada-de-convivencia-de-zer\/\" title=\"Read 2a JORNADA DE CONVIV\u00c8NCIA DE ZER\">Llegeix m\u00e9s\u00bb<\/a><\/p>\n","protected":false},"author":1,"featured_media":0,"comment_status":"open","ping_status":"closed","sticky":false,"template":"","format":"standard","meta":{"_bbp_topic_count":0,"_bbp_reply_count":0,"_bbp_total_topic_count":0,"_bbp_total_reply_count":0,"_bbp_voice_count":0,"_bbp_anonymous_reply_count":0,"_bbp_topic_count_hidden":0,"_bbp_reply_count_hidden":0,"_bbp_forum_subforum_count":0,"footnotes":""},"categories":[1,29],"tags":[],"class_list":["post-6855","post","type-post","status-publish","format-standard","hentry","category-general","category-portada"],"post_mailing_queue_ids":[],"_links":{"self":[{"href":"https:\/\/agora.xtec.cat\/zergarriguesaltes\/wp-json\/wp\/v2\/posts\/6855","targetHints":{"allow":["GET"]}}],"collection":[{"href":"https:\/\/agora.xtec.cat\/zergarriguesaltes\/wp-json\/wp\/v2\/posts"}],"about":[{"href":"https:\/\/agora.xtec.cat\/zergarriguesaltes\/wp-json\/wp\/v2\/types\/post"}],"author":[{"embeddable":true,"href":"https:\/\/agora.xtec.cat\/zergarriguesaltes\/wp-json\/wp\/v2\/users\/1"}],"replies":[{"embeddable":true,"href":"https:\/\/agora.xtec.cat\/zergarriguesaltes\/wp-json\/wp\/v2\/comments?post=6855"}],"version-history":[{"count":1,"href":"https:\/\/agora.xtec.cat\/zergarriguesaltes\/wp-json\/wp\/v2\/posts\/6855\/revisions"}],"predecessor-version":[{"id":6857,"href":"https:\/\/agora.xtec.cat\/zergarriguesaltes\/wp-json\/wp\/v2\/posts\/6855\/revisions\/6857"}],"wp:attachment":[{"href":"https:\/\/agora.xtec.cat\/zergarriguesaltes\/wp-json\/wp\/v2\/media?parent=6855"}],"wp:term":[{"taxonomy":"category","embeddable":true,"href":"https:\/\/agora.xtec.cat\/zergarriguesaltes\/wp-json\/wp\/v2\/categories?post=6855"},{"taxonomy":"post_tag","embeddable":true,"href":"https:\/\/agora.xtec.cat\/zergarriguesaltes\/wp-json\/wp\/v2\/tags?post=6855"}],"curies":[{"name":"wp","href":"https:\/\/api.w.org\/{rel}","templated":true}]}}