{"id":6587,"date":"2024-04-05T13:25:10","date_gmt":"2024-04-05T11:25:10","guid":{"rendered":"https:\/\/agora.xtec.cat\/zergarriguesaltes\/?p=6587"},"modified":"2024-04-05T13:25:10","modified_gmt":"2024-04-05T11:25:10","slug":"celebrem-lanimacio-lectora-xxiii","status":"publish","type":"post","link":"https:\/\/agora.xtec.cat\/zergarriguesaltes\/portada\/general\/celebrem-lanimacio-lectora-xxiii\/","title":{"rendered":"Celebrem l&#8217;Animaci\u00f3 lectora XXIII!"},"content":{"rendered":"<p>El passat 29 de mar\u00e7 de 2024 va tenir lloc la <em>vint<\/em>-i-<em>tresena <\/em>Animaci\u00f3 Lectora de ZER. El curs passat, la jornada va comen\u00e7ar a tenir un format ben diferent respecte els anys anteriors. I aquest any, sembla ser que aquest format s&#8217;ha consolidat, ja que va ser tot un \u00e8xit. Els i les alumnes durant tot el mat\u00ed van anar resolent diferents enigmes i van passar una bona estona!<\/p>\n<p>Per una banda, els infants d&#8217;educaci\u00f3 infantil van con\u00e8ixer la fam\u00edlia dels Robinson i van embarcar-se a la biblioteca pirata. All\u00ed van con\u00e8ixer moltes hist\u00f2ries i van\u00a0<span class=\"hiddenGreenError\" style=\"padding-bottom: 2px; background-image: url('..\/..\/..\/..\/..\/images\/squiggle_green.png'); background-repeat: repeat-x; background-position: left bottom; cursor: default; color: #000000; font-family: 'Open Sans', Helvetica, Arial, sans-serif; font-size: 16px; font-style: normal; font-variant-ligatures: normal; font-variant-caps: normal; font-weight: 300; letter-spacing: normal; orphans: 2; text-align: start; text-indent: 0px; text-transform: none; widows: 2; word-spacing: 0px; -webkit-text-stroke-width: 0px; white-space: normal; text-decoration-thickness: initial; text-decoration-style: initial; text-decoration-color: initial;\">realitzar<\/span> moltes activitats ambientades amb l&#8217;illa pirata.<\/p>\n<p>&nbsp;<\/p>\n<p><a href=\"https:\/\/drive.google.com\/drive\/folders\/1zjhj8T5BsZ3wFc-0l3XILYbJA87ZlA8e?usp=drive_link\"><img loading=\"lazy\" decoding=\"async\" class=\"alignnone wp-image-6592\" src=\"https:\/\/agora.xtec.cat\/zergarriguesaltes\/wp-content\/uploads\/usu1308\/2024\/04\/biblio.png\" alt=\"\" width=\"230\" height=\"170\" srcset=\"https:\/\/agora.xtec.cat\/zergarriguesaltes\/wp-content\/uploads\/usu1308\/2024\/04\/biblio.png 602w, https:\/\/agora.xtec.cat\/zergarriguesaltes\/wp-content\/uploads\/usu1308\/2024\/04\/biblio-300x222.png 300w\" sizes=\"auto, (max-width: 230px) 100vw, 230px\" \/><\/a> \u00a0 \u00a0 \u00a0 \u00a0 \u00a0 \u00a0 \u00a0 \u00a0 \u00a0 \u00a0 \u00a0 \u00a0 \u00a0 \u00a0 \u00a0 \u00a0 \u00a0 \u00a0 \u00a0 \u00a0 \u00a0 \u00a0 \u00a0 \u00a0 \u00a0 \u00a0 \u00a0 \u00a0 \u00a0 \u00a0 \u00a0 \u00a0 \u00a0<a href=\"https:\/\/drive.google.com\/drive\/folders\/1JOgaUEcRctFr9m-qabTlE9zQWW5swkc5?usp=drive_link\"><img loading=\"lazy\" decoding=\"async\" class=\"alignnone wp-image-6591\" src=\"https:\/\/agora.xtec.cat\/zergarriguesaltes\/wp-content\/uploads\/usu1308\/2024\/04\/tresors-1.png\" alt=\"\" width=\"237\" height=\"164\" srcset=\"https:\/\/agora.xtec.cat\/zergarriguesaltes\/wp-content\/uploads\/usu1308\/2024\/04\/tresors-1.png 547w, https:\/\/agora.xtec.cat\/zergarriguesaltes\/wp-content\/uploads\/usu1308\/2024\/04\/tresors-1-300x208.png 300w\" sizes=\"auto, (max-width: 237px) 100vw, 237px\" \/><\/a><\/p>\n<p>D&#8217;altra banda, els alumnes d&#8217;educaci\u00f3 prim\u00e0ria van rebre un v\u00eddeo de la Lileta. Els demanava ajuda arran de trobar-se un llibre misteri\u00f3s amb un missatge molt clar: RECUPERAR ELS TRESORS DE LA CIUTAT PERDUDA! Els alumnes molts engrescats van resoldre un\u00a0<span class=\"hiddenSpellError\">BREAKOUT<\/span>\u00a0que els va permetre recuperar els tresors.<\/p>\n<p>&nbsp;<\/p>\n<p>A la tarda, v\u00e0rem rebre la visita de la companyia <a href=\"https:\/\/drive.google.com\/drive\/folders\/1m0BaHCHTFe9vF-Vk9RyhwowIgvm8vNdO?usp=drive_link\"><strong>NOPATISKOS<\/strong> <\/a>i vam fer un taller d&#8217;arts esc\u00e8niques.<\/p>\n","protected":false},"excerpt":{"rendered":"<p>El passat 29 de mar\u00e7 de 2024 va tenir lloc la vint-i-tresena Animaci\u00f3 Lectora de ZER. El curs passat, la jornada va comen\u00e7ar a tenir un format ben diferent respecte els anys anteriors. I aquest any, sembla ser que aquest format s&#8217;ha consolidat, ja que&hellip;  <a href=\"https:\/\/agora.xtec.cat\/zergarriguesaltes\/portada\/general\/celebrem-lanimacio-lectora-xxiii\/\" title=\"Read Celebrem l&#8217;Animaci\u00f3 lectora XXIII!\">Llegeix m\u00e9s\u00bb<\/a><\/p>\n","protected":false},"author":1,"featured_media":0,"comment_status":"open","ping_status":"closed","sticky":false,"template":"","format":"standard","meta":{"_bbp_topic_count":0,"_bbp_reply_count":0,"_bbp_total_topic_count":0,"_bbp_total_reply_count":0,"_bbp_voice_count":0,"_bbp_anonymous_reply_count":0,"_bbp_topic_count_hidden":0,"_bbp_reply_count_hidden":0,"_bbp_forum_subforum_count":0,"footnotes":""},"categories":[1],"tags":[],"class_list":["post-6587","post","type-post","status-publish","format-standard","hentry","category-general"],"post_mailing_queue_ids":[],"_links":{"self":[{"href":"https:\/\/agora.xtec.cat\/zergarriguesaltes\/wp-json\/wp\/v2\/posts\/6587","targetHints":{"allow":["GET"]}}],"collection":[{"href":"https:\/\/agora.xtec.cat\/zergarriguesaltes\/wp-json\/wp\/v2\/posts"}],"about":[{"href":"https:\/\/agora.xtec.cat\/zergarriguesaltes\/wp-json\/wp\/v2\/types\/post"}],"author":[{"embeddable":true,"href":"https:\/\/agora.xtec.cat\/zergarriguesaltes\/wp-json\/wp\/v2\/users\/1"}],"replies":[{"embeddable":true,"href":"https:\/\/agora.xtec.cat\/zergarriguesaltes\/wp-json\/wp\/v2\/comments?post=6587"}],"version-history":[{"count":5,"href":"https:\/\/agora.xtec.cat\/zergarriguesaltes\/wp-json\/wp\/v2\/posts\/6587\/revisions"}],"predecessor-version":[{"id":6595,"href":"https:\/\/agora.xtec.cat\/zergarriguesaltes\/wp-json\/wp\/v2\/posts\/6587\/revisions\/6595"}],"wp:attachment":[{"href":"https:\/\/agora.xtec.cat\/zergarriguesaltes\/wp-json\/wp\/v2\/media?parent=6587"}],"wp:term":[{"taxonomy":"category","embeddable":true,"href":"https:\/\/agora.xtec.cat\/zergarriguesaltes\/wp-json\/wp\/v2\/categories?post=6587"},{"taxonomy":"post_tag","embeddable":true,"href":"https:\/\/agora.xtec.cat\/zergarriguesaltes\/wp-json\/wp\/v2\/tags?post=6587"}],"curies":[{"name":"wp","href":"https:\/\/api.w.org\/{rel}","templated":true}]}}