{"id":6329,"date":"2023-10-19T14:05:26","date_gmt":"2023-10-19T12:05:26","guid":{"rendered":"https:\/\/agora.xtec.cat\/zergarriguesaltes\/?p=6329"},"modified":"2023-10-19T14:05:41","modified_gmt":"2023-10-19T12:05:41","slug":"jornada-de-convivencia-de-zer","status":"publish","type":"post","link":"https:\/\/agora.xtec.cat\/zergarriguesaltes\/portada\/general\/jornada-de-convivencia-de-zer\/","title":{"rendered":"1\u00aa JORNADA DE CONVIV\u00c8NCIA DE ZER!"},"content":{"rendered":"<p>El passat dimarts dia 11 d&#8217;octubre de 2023, els i les alumnes de la ZER juntament amb els i les mestres vam celebrar la primera Jornada de Conviv\u00e8ncia d&#8217;aquest curs 23-24 a Juncosa.<\/p>\n<p>La tem\u00e0tica d&#8217;aquesta jornada ha estat la conviv\u00e8ncia a trav\u00e9s del coneixement de les cultures dels diferents pa\u00efsos dels 5 continents del m\u00f3n.\u00a0Al llarg de la jornada vam fer diferents activitats. Al mat\u00ed vam fer un viatge pels diferents continents on vam practicar jocs tradicionals d&#8217;alguns dels seus pa\u00efsos. Despr\u00e9s vam gaudir d&#8217;un esmorzar a c\u00e0rrec de les dues AMPES. Una vegada recuperades les forces, els alumnes van realitzar una manualitat pr\u00f2pia del continent assignat.<\/p>\n<p>Per acabar la jornada, vam rebre la visita de quatre membres de l&#8217;Associaci\u00f3 Ve\u00efns del M\u00f3n Solidari, on ens van explicar el Projecte de Cooperaci\u00f3 Internacional que duen a terme amb les entitats del Senegal.<\/p>\n<p style=\"text-align: center;\"><em>Conviure \u00e9s viure!\u00a0<\/em><\/p>\n<p>Ens ho vam passar molt b\u00e9!<\/p>\n<p><a href=\"https:\/\/drive.google.com\/drive\/folders\/1Gl12RhNT2RswdhFJDODc183k4csNoM6i?usp=share_link\"><img loading=\"lazy\" decoding=\"async\" class=\"size-full wp-image-6330 aligncenter\" src=\"https:\/\/agora.xtec.cat\/zergarriguesaltes\/wp-content\/uploads\/usu1308\/2023\/10\/cc.png\" alt=\"\" width=\"469\" height=\"392\" srcset=\"https:\/\/agora.xtec.cat\/zergarriguesaltes\/wp-content\/uploads\/usu1308\/2023\/10\/cc.png 469w, https:\/\/agora.xtec.cat\/zergarriguesaltes\/wp-content\/uploads\/usu1308\/2023\/10\/cc-300x250.png 300w\" sizes=\"auto, (max-width: 469px) 100vw, 469px\" \/><\/a><\/p>\n","protected":false},"excerpt":{"rendered":"<p>El passat dimarts dia 11 d&#8217;octubre de 2023, els i les alumnes de la ZER juntament amb els i les mestres vam celebrar la primera Jornada de Conviv\u00e8ncia d&#8217;aquest curs 23-24 a Juncosa.<br \/>\nLa tem\u00e0tica d&#8217;aquesta jornada ha estat la conviv\u00e8ncia a trav\u00e9s del coneixement de&hellip;  <a href=\"https:\/\/agora.xtec.cat\/zergarriguesaltes\/portada\/general\/jornada-de-convivencia-de-zer\/\" title=\"Read 1\u00aa JORNADA DE CONVIV\u00c8NCIA DE ZER!\">Llegeix m\u00e9s\u00bb<\/a><\/p>\n","protected":false},"author":1,"featured_media":0,"comment_status":"open","ping_status":"closed","sticky":false,"template":"","format":"standard","meta":{"_bbp_topic_count":0,"_bbp_reply_count":0,"_bbp_total_topic_count":0,"_bbp_total_reply_count":0,"_bbp_voice_count":0,"_bbp_anonymous_reply_count":0,"_bbp_topic_count_hidden":0,"_bbp_reply_count_hidden":0,"_bbp_forum_subforum_count":0,"footnotes":""},"categories":[1],"tags":[],"class_list":["post-6329","post","type-post","status-publish","format-standard","hentry","category-general"],"post_mailing_queue_ids":[],"_links":{"self":[{"href":"https:\/\/agora.xtec.cat\/zergarriguesaltes\/wp-json\/wp\/v2\/posts\/6329","targetHints":{"allow":["GET"]}}],"collection":[{"href":"https:\/\/agora.xtec.cat\/zergarriguesaltes\/wp-json\/wp\/v2\/posts"}],"about":[{"href":"https:\/\/agora.xtec.cat\/zergarriguesaltes\/wp-json\/wp\/v2\/types\/post"}],"author":[{"embeddable":true,"href":"https:\/\/agora.xtec.cat\/zergarriguesaltes\/wp-json\/wp\/v2\/users\/1"}],"replies":[{"embeddable":true,"href":"https:\/\/agora.xtec.cat\/zergarriguesaltes\/wp-json\/wp\/v2\/comments?post=6329"}],"version-history":[{"count":3,"href":"https:\/\/agora.xtec.cat\/zergarriguesaltes\/wp-json\/wp\/v2\/posts\/6329\/revisions"}],"predecessor-version":[{"id":6332,"href":"https:\/\/agora.xtec.cat\/zergarriguesaltes\/wp-json\/wp\/v2\/posts\/6329\/revisions\/6332"}],"wp:attachment":[{"href":"https:\/\/agora.xtec.cat\/zergarriguesaltes\/wp-json\/wp\/v2\/media?parent=6329"}],"wp:term":[{"taxonomy":"category","embeddable":true,"href":"https:\/\/agora.xtec.cat\/zergarriguesaltes\/wp-json\/wp\/v2\/categories?post=6329"},{"taxonomy":"post_tag","embeddable":true,"href":"https:\/\/agora.xtec.cat\/zergarriguesaltes\/wp-json\/wp\/v2\/tags?post=6329"}],"curies":[{"name":"wp","href":"https:\/\/api.w.org\/{rel}","templated":true}]}}