{"id":3785,"date":"2020-03-27T00:09:26","date_gmt":"2020-03-26T23:09:26","guid":{"rendered":"http:\/\/agora.xtec.cat\/zergarriguesaltes\/?p=3785"},"modified":"2020-03-27T16:25:22","modified_gmt":"2020-03-27T15:25:22","slug":"cantem-en-familia","status":"publish","type":"post","link":"https:\/\/agora.xtec.cat\/zergarriguesaltes\/portada\/general\/cantem-en-familia\/","title":{"rendered":"Cantem en fam\u00edlia"},"content":{"rendered":"<p>Us deixem un recull d&#8217;algunes de les can\u00e7ons que s&#8217;han cantat durant el curs per a que pugueu cantar en fam\u00edlia. Trobareu el document PDF amb les lletres de les can\u00e7ons i els enlla\u00e7os a les m\u00fasiques del Youtube recollits a l&#8217;aplicaci\u00f3 Symbaloo.<\/p>\n<p><strong>Infantil i Cicle Inicial:<a href=\"https:\/\/agora.xtec.cat\/zergarriguesaltes\/wp-content\/uploads\/usu1308\/2020\/03\/51LicJRk9eL._SX355_.jpg\"><img loading=\"lazy\" decoding=\"async\" class=\"wp-image-3787 alignright\" src=\"https:\/\/agora.xtec.cat\/zergarriguesaltes\/wp-content\/uploads\/usu1308\/2020\/03\/51LicJRk9eL._SX355_.jpg\" alt=\"\" width=\"294\" height=\"242\" srcset=\"https:\/\/agora.xtec.cat\/zergarriguesaltes\/wp-content\/uploads\/usu1308\/2020\/03\/51LicJRk9eL._SX355_.jpg 355w, https:\/\/agora.xtec.cat\/zergarriguesaltes\/wp-content\/uploads\/usu1308\/2020\/03\/51LicJRk9eL._SX355_-300x248.jpg 300w\" sizes=\"auto, (max-width: 294px) 100vw, 294px\" \/><\/a><\/strong><\/p>\n<p>Document PDF\u00a0 <a href=\"https:\/\/agora.xtec.cat\/zergarriguesaltes\/wp-content\/uploads\/usu1308\/2020\/03\/Cantem-en-familia.pdf\" target=\"_blank\" rel=\"noopener noreferrer\">Cantem en fam\u00edlia 1<\/a><\/p>\n<p>Enlla\u00e7os Youtube: <a href=\"https:\/\/www.symbaloo.com\/mix\/musica-totanirabe\" target=\"_blank\" rel=\"noopener noreferrer\">Symbaloo M\u00fasica &#8211; Tot anir\u00e0 b\u00e9<\/a><\/p>\n<p><strong>Mitj\u00e0 i Superior:<\/strong><\/p>\n<p>Document PDF:\u00a0 <a href=\"https:\/\/agora.xtec.cat\/zergarriguesaltes\/wp-content\/uploads\/usu1308\/2020\/03\/Cantem-en-fam\u00edlia-CM-i-CS.pdf\" target=\"_blank\" rel=\"noopener noreferrer\">Cantem en fam\u00edlia 2<\/a><\/p>\n<p>Enlla\u00e7os Youtube: <a href=\"https:\/\/www.symbaloo.com\/mix\/totanirabe-cmics\" target=\"_blank\" rel=\"noopener noreferrer\">Symbaloo M\u00fasica &#8211; Tot anir\u00e0 b\u00e9 (2)<\/a><\/p>\n<p>Cada setmana es penjaran noves can\u00e7ons i activitats divertides relacionades amb la can\u00e7\u00f3.<\/p>\n<p>&nbsp;<\/p>\n","protected":false},"excerpt":{"rendered":"<p>Us deixem un recull d&#8217;algunes de les can\u00e7ons que s&#8217;han cantat durant el curs per a que pugueu cantar en fam\u00edlia. Trobareu el document PDF amb les lletres de les can\u00e7ons i els enlla\u00e7os a les m\u00fasiques del Youtube recollits a l&#8217;aplicaci\u00f3 Symbaloo.<br \/>\nInfantil i Cicle&hellip;  <a href=\"https:\/\/agora.xtec.cat\/zergarriguesaltes\/portada\/general\/cantem-en-familia\/\" title=\"Read Cantem en fam\u00edlia\">Llegeix m\u00e9s\u00bb<\/a><\/p>\n","protected":false},"author":1,"featured_media":0,"comment_status":"open","ping_status":"closed","sticky":false,"template":"","format":"standard","meta":{"_bbp_topic_count":0,"_bbp_reply_count":0,"_bbp_total_topic_count":0,"_bbp_total_reply_count":0,"_bbp_voice_count":0,"_bbp_anonymous_reply_count":0,"_bbp_topic_count_hidden":0,"_bbp_reply_count_hidden":0,"_bbp_forum_subforum_count":0,"footnotes":""},"categories":[61,80,59,68,1],"tags":[],"class_list":["post-3785","post","type-post","status-publish","format-standard","hentry","category-ei-i-cicle-inicial","category-ei-ci","category-soleras","category-espigol","category-general"],"post_mailing_queue_ids":[],"_links":{"self":[{"href":"https:\/\/agora.xtec.cat\/zergarriguesaltes\/wp-json\/wp\/v2\/posts\/3785","targetHints":{"allow":["GET"]}}],"collection":[{"href":"https:\/\/agora.xtec.cat\/zergarriguesaltes\/wp-json\/wp\/v2\/posts"}],"about":[{"href":"https:\/\/agora.xtec.cat\/zergarriguesaltes\/wp-json\/wp\/v2\/types\/post"}],"author":[{"embeddable":true,"href":"https:\/\/agora.xtec.cat\/zergarriguesaltes\/wp-json\/wp\/v2\/users\/1"}],"replies":[{"embeddable":true,"href":"https:\/\/agora.xtec.cat\/zergarriguesaltes\/wp-json\/wp\/v2\/comments?post=3785"}],"version-history":[{"count":3,"href":"https:\/\/agora.xtec.cat\/zergarriguesaltes\/wp-json\/wp\/v2\/posts\/3785\/revisions"}],"predecessor-version":[{"id":3798,"href":"https:\/\/agora.xtec.cat\/zergarriguesaltes\/wp-json\/wp\/v2\/posts\/3785\/revisions\/3798"}],"wp:attachment":[{"href":"https:\/\/agora.xtec.cat\/zergarriguesaltes\/wp-json\/wp\/v2\/media?parent=3785"}],"wp:term":[{"taxonomy":"category","embeddable":true,"href":"https:\/\/agora.xtec.cat\/zergarriguesaltes\/wp-json\/wp\/v2\/categories?post=3785"},{"taxonomy":"post_tag","embeddable":true,"href":"https:\/\/agora.xtec.cat\/zergarriguesaltes\/wp-json\/wp\/v2\/tags?post=3785"}],"curies":[{"name":"wp","href":"https:\/\/api.w.org\/{rel}","templated":true}]}}