{"id":3652,"date":"2020-02-05T10:25:37","date_gmt":"2020-02-05T09:25:37","guid":{"rendered":"http:\/\/agora.xtec.cat\/zergarriguesaltes\/?p=3652"},"modified":"2020-02-05T10:25:37","modified_gmt":"2020-02-05T09:25:37","slug":"taller-desport-adaptat-a-lescola","status":"publish","type":"post","link":"https:\/\/agora.xtec.cat\/zergarriguesaltes\/portada\/general\/taller-desport-adaptat-a-lescola\/","title":{"rendered":"TALLER D&#8217;ESPORT ADAPTAT A L&#8217;ESCOLA"},"content":{"rendered":"<p>El passat dijous 30 de gener, l\u2019Agrupaci\u00f3 Esportiva d\u2019Associacions d\u2019Esport Escolar de Catalunya ens van venir a fer un interessant taller d\u2019esport adaptat a tot l&#8217;alumnat de la ZER Garrigues Altes a les instal\u00b7lacions esportives del Soler\u00e0s. El taller es va desenvolupar durant tot el mat\u00ed i va anar a c\u00e0rrec d\u2019uns formadors, d\u2019entre els quals hi havia el campi\u00f3 del m\u00f3n i dues vegades medallista paral\u00edmpic Jordi Morales (medalla de bronze a Atenes 2004, plata a Londres 2012 i quart classificat en els darrers jocs de R\u00edo en la modalitat de tennis taula).<br \/>\nAquest, es tracta d\u2019un programa d\u2019educaci\u00f3 dins del Pla Catal\u00e0 de l\u2019Esport a l\u2019Escola, sol\u00b7licitat amb for\u00e7a antelaci\u00f3, que t\u00e9 com a finalitat la de crear a les escoles, consci\u00e8ncia i comprensi\u00f3 envers les persones amb discapacitat.<br \/>\nLa jornada s&#8217;inici\u00e0 amb un part te\u00f2rica on es va explicar els diferents esports adaptats que hi ha actualment, les difer\u00e8ncies i similituds amb els convencionals mostrant una s\u00e8rie d\u2019imatges als nens i nenes que van escoltar i observar amb atenci\u00f3.<br \/>\nTot seguit es van desenvolupar les activitats pr\u00e0ctiques, on l\u2019alumnat va poder experimentar de primera m\u00e0 les sensacions de practicar esport amb altes capacitat amb tres activitats rotatives: jocs amb cadira de rodes, boccia i activitats amb guia per a invidents.<br \/>\nFinalment,nens i nenes van fer la valoraci\u00f3 del taller coincidint tots plegats que l\u2019experi\u00e8ncia ha resultat molt interessant per a con\u00e8ixer millor aspectes sobre l\u2019esport adaptat i les persones amb discapacitat.<br \/>\n<img loading=\"lazy\" decoding=\"async\" src=\"https:\/\/agora.xtec.cat\/zergarriguesaltes\/wp-content\/uploads\/usu1308\/2020\/02\/article-web-3.jpg\" alt=\"\" width=\"640\" height=\"480\" class=\"aligncenter size-full wp-image-3653\" srcset=\"https:\/\/agora.xtec.cat\/zergarriguesaltes\/wp-content\/uploads\/usu1308\/2020\/02\/article-web-3.jpg 640w, https:\/\/agora.xtec.cat\/zergarriguesaltes\/wp-content\/uploads\/usu1308\/2020\/02\/article-web-3-300x225.jpg 300w, https:\/\/agora.xtec.cat\/zergarriguesaltes\/wp-content\/uploads\/usu1308\/2020\/02\/article-web-3-200x150.jpg 200w\" sizes=\"auto, (max-width: 640px) 100vw, 640px\" \/><\/p>\n<p><img loading=\"lazy\" decoding=\"async\" src=\"https:\/\/agora.xtec.cat\/zergarriguesaltes\/wp-content\/uploads\/usu1308\/2020\/02\/article-web-2.jpg\" alt=\"\" width=\"640\" height=\"480\" class=\"aligncenter size-full wp-image-3654\" srcset=\"https:\/\/agora.xtec.cat\/zergarriguesaltes\/wp-content\/uploads\/usu1308\/2020\/02\/article-web-2.jpg 640w, https:\/\/agora.xtec.cat\/zergarriguesaltes\/wp-content\/uploads\/usu1308\/2020\/02\/article-web-2-300x225.jpg 300w, https:\/\/agora.xtec.cat\/zergarriguesaltes\/wp-content\/uploads\/usu1308\/2020\/02\/article-web-2-200x150.jpg 200w\" sizes=\"auto, (max-width: 640px) 100vw, 640px\" \/><\/p>\n<p><img loading=\"lazy\" decoding=\"async\" src=\"https:\/\/agora.xtec.cat\/zergarriguesaltes\/wp-content\/uploads\/usu1308\/2020\/02\/article-web-1.jpg\" alt=\"\" width=\"640\" height=\"480\" class=\"aligncenter size-full wp-image-3655\" srcset=\"https:\/\/agora.xtec.cat\/zergarriguesaltes\/wp-content\/uploads\/usu1308\/2020\/02\/article-web-1.jpg 640w, https:\/\/agora.xtec.cat\/zergarriguesaltes\/wp-content\/uploads\/usu1308\/2020\/02\/article-web-1-300x225.jpg 300w, https:\/\/agora.xtec.cat\/zergarriguesaltes\/wp-content\/uploads\/usu1308\/2020\/02\/article-web-1-200x150.jpg 200w\" sizes=\"auto, (max-width: 640px) 100vw, 640px\" \/><\/p>\n","protected":false},"excerpt":{"rendered":"<p>El passat dijous 30 de gener, l\u2019Agrupaci\u00f3 Esportiva d\u2019Associacions d\u2019Esport Escolar de Catalunya ens van venir a fer un interessant taller d\u2019esport adaptat a tot l&#8217;alumnat de la ZER Garrigues Altes a les instal\u00b7lacions esportives del Soler\u00e0s. El taller es va desenvolupar durant tot el&hellip;  <a href=\"https:\/\/agora.xtec.cat\/zergarriguesaltes\/portada\/general\/taller-desport-adaptat-a-lescola\/\" title=\"Read TALLER D&#8217;ESPORT ADAPTAT A L&#8217;ESCOLA\">Llegeix m\u00e9s\u00bb<\/a><\/p>\n","protected":false},"author":5,"featured_media":0,"comment_status":"open","ping_status":"closed","sticky":false,"template":"","format":"standard","meta":{"_bbp_topic_count":0,"_bbp_reply_count":0,"_bbp_total_topic_count":0,"_bbp_total_reply_count":0,"_bbp_voice_count":0,"_bbp_anonymous_reply_count":0,"_bbp_topic_count_hidden":0,"_bbp_reply_count_hidden":0,"_bbp_forum_subforum_count":0,"footnotes":""},"categories":[1],"tags":[],"class_list":["post-3652","post","type-post","status-publish","format-standard","hentry","category-general"],"post_mailing_queue_ids":[],"_links":{"self":[{"href":"https:\/\/agora.xtec.cat\/zergarriguesaltes\/wp-json\/wp\/v2\/posts\/3652","targetHints":{"allow":["GET"]}}],"collection":[{"href":"https:\/\/agora.xtec.cat\/zergarriguesaltes\/wp-json\/wp\/v2\/posts"}],"about":[{"href":"https:\/\/agora.xtec.cat\/zergarriguesaltes\/wp-json\/wp\/v2\/types\/post"}],"author":[{"embeddable":true,"href":"https:\/\/agora.xtec.cat\/zergarriguesaltes\/wp-json\/wp\/v2\/users\/5"}],"replies":[{"embeddable":true,"href":"https:\/\/agora.xtec.cat\/zergarriguesaltes\/wp-json\/wp\/v2\/comments?post=3652"}],"version-history":[{"count":1,"href":"https:\/\/agora.xtec.cat\/zergarriguesaltes\/wp-json\/wp\/v2\/posts\/3652\/revisions"}],"predecessor-version":[{"id":3656,"href":"https:\/\/agora.xtec.cat\/zergarriguesaltes\/wp-json\/wp\/v2\/posts\/3652\/revisions\/3656"}],"wp:attachment":[{"href":"https:\/\/agora.xtec.cat\/zergarriguesaltes\/wp-json\/wp\/v2\/media?parent=3652"}],"wp:term":[{"taxonomy":"category","embeddable":true,"href":"https:\/\/agora.xtec.cat\/zergarriguesaltes\/wp-json\/wp\/v2\/categories?post=3652"},{"taxonomy":"post_tag","embeddable":true,"href":"https:\/\/agora.xtec.cat\/zergarriguesaltes\/wp-json\/wp\/v2\/tags?post=3652"}],"curies":[{"name":"wp","href":"https:\/\/api.w.org\/{rel}","templated":true}]}}