{"id":2588,"date":"2018-11-13T14:07:27","date_gmt":"2018-11-13T13:07:27","guid":{"rendered":"http:\/\/agora.xtec.cat\/zergarriguesaltes\/?p=2588"},"modified":"2018-11-13T14:08:04","modified_gmt":"2018-11-13T13:08:04","slug":"teatre-en-angles-i-audicio-musical-ci","status":"publish","type":"post","link":"https:\/\/agora.xtec.cat\/zergarriguesaltes\/portada\/general\/teatre-en-angles-i-audicio-musical-ci\/","title":{"rendered":"Teatre en angl\u00e8s i audici\u00f3 musical. CI."},"content":{"rendered":"<p>El passat dimarts 13 de novembre, tots els\/les alumnes de CI de la ZER vam poder gaudir de l&#8217;obra de teatre en angl\u00e8s <em>&#8220;<a href=\"https:\/\/vimeo.com\/27048153\"><span style=\"line-height: 25.6px;\">Snow\u00a0<\/span><\/a><\/em><span style=\"font-family: inherit; font-size: 1em; line-height: 1.6;\"><em><a href=\"https:\/\/vimeo.com\/27048153\">White<\/a>&#8220;<\/em>, com cada any, al pavell\u00f3 de l&#8217;Oli de les Borges Blanques.<\/span><\/p>\n<p><a href=\"https:\/\/agora.xtec.cat\/zergarriguesaltes\/wp-content\/uploads\/usu1308\/2018\/11\/IMG_3030.jpg\"><img loading=\"lazy\" decoding=\"async\" class=\"aligncenter wp-image-2590 size-medium\" src=\"https:\/\/agora.xtec.cat\/zergarriguesaltes\/wp-content\/uploads\/usu1308\/2018\/11\/IMG_3030-300x225.jpg\" alt=\"\" width=\"300\" height=\"225\" srcset=\"https:\/\/agora.xtec.cat\/zergarriguesaltes\/wp-content\/uploads\/usu1308\/2018\/11\/IMG_3030-300x225.jpg 300w, https:\/\/agora.xtec.cat\/zergarriguesaltes\/wp-content\/uploads\/usu1308\/2018\/11\/IMG_3030-768x576.jpg 768w, https:\/\/agora.xtec.cat\/zergarriguesaltes\/wp-content\/uploads\/usu1308\/2018\/11\/IMG_3030-1024x768.jpg 1024w, https:\/\/agora.xtec.cat\/zergarriguesaltes\/wp-content\/uploads\/usu1308\/2018\/11\/IMG_3030-200x150.jpg 200w\" sizes=\"auto, (max-width: 300px) 100vw, 300px\" \/><\/a><\/p>\n<p>Tot seguit, i aquest cop a la sala d&#8217;actes de la biblioteca p\u00fablica del mateix municipi, vam poder assistir a una audici\u00f3 de flauta dol\u00e7a, on vam aprendre moltes coses sobre els seus or\u00edgens i la seva fam\u00edlia.<\/p>\n<p><a href=\"https:\/\/agora.xtec.cat\/zergarriguesaltes\/wp-content\/uploads\/usu1308\/2018\/11\/IMG_3061.jpg\"><img loading=\"lazy\" decoding=\"async\" class=\"alignnone wp-image-2589 size-full\" src=\"https:\/\/agora.xtec.cat\/zergarriguesaltes\/wp-content\/uploads\/usu1308\/2018\/11\/IMG_3061.jpg\" alt=\"\" width=\"3264\" height=\"2448\" srcset=\"https:\/\/agora.xtec.cat\/zergarriguesaltes\/wp-content\/uploads\/usu1308\/2018\/11\/IMG_3061.jpg 3264w, https:\/\/agora.xtec.cat\/zergarriguesaltes\/wp-content\/uploads\/usu1308\/2018\/11\/IMG_3061-300x225.jpg 300w, https:\/\/agora.xtec.cat\/zergarriguesaltes\/wp-content\/uploads\/usu1308\/2018\/11\/IMG_3061-768x576.jpg 768w, https:\/\/agora.xtec.cat\/zergarriguesaltes\/wp-content\/uploads\/usu1308\/2018\/11\/IMG_3061-1024x768.jpg 1024w, https:\/\/agora.xtec.cat\/zergarriguesaltes\/wp-content\/uploads\/usu1308\/2018\/11\/IMG_3061-200x150.jpg 200w\" sizes=\"auto, (max-width: 3264px) 100vw, 3264px\" \/><\/a><\/p>\n<p><strong>Ens ho vam passar molt b\u00e9!<\/strong><\/p>\n","protected":false},"excerpt":{"rendered":"<p>El passat dimarts 13 de novembre, tots els\/les alumnes de CI de la ZER vam poder gaudir de l&#8217;obra de teatre en angl\u00e8s &#8220;<a href=\"https:\/\/vimeo.com\/27048153\">Snow\u00a0<\/a><a href=\"https:\/\/vimeo.com\/27048153\">White<\/a>&#8220;, com cada any, al pavell\u00f3 de l&#8217;Oli de les Borges Blanques.<br \/>\n<a href=\"https:\/\/agora.xtec.cat\/zergarriguesaltes\/wp-content\/uploads\/usu1308\/2018\/11\/IMG_3030.jpg\"><\/a><br \/>\nTot seguit, i aquest cop a la sala&hellip;  <a href=\"https:\/\/agora.xtec.cat\/zergarriguesaltes\/portada\/general\/teatre-en-angles-i-audicio-musical-ci\/\" title=\"Read Teatre en angl\u00e8s i audici\u00f3 musical. CI.\">Llegeix m\u00e9s\u00bb<\/a><\/p>\n","protected":false},"author":1,"featured_media":2593,"comment_status":"open","ping_status":"closed","sticky":false,"template":"","format":"standard","meta":{"_bbp_topic_count":0,"_bbp_reply_count":0,"_bbp_total_topic_count":0,"_bbp_total_reply_count":0,"_bbp_voice_count":0,"_bbp_anonymous_reply_count":0,"_bbp_topic_count_hidden":0,"_bbp_reply_count_hidden":0,"_bbp_forum_subforum_count":0,"footnotes":""},"categories":[73,83,59,68,1],"tags":[42,156],"class_list":["post-2588","post","type-post","status-publish","format-standard","has-post-thumbnail","hentry","category-cicle-mitja-i-superior","category-cm-cs","category-soleras","category-espigol","category-general","tag-angles","tag-musica"],"post_mailing_queue_ids":[],"_links":{"self":[{"href":"https:\/\/agora.xtec.cat\/zergarriguesaltes\/wp-json\/wp\/v2\/posts\/2588","targetHints":{"allow":["GET"]}}],"collection":[{"href":"https:\/\/agora.xtec.cat\/zergarriguesaltes\/wp-json\/wp\/v2\/posts"}],"about":[{"href":"https:\/\/agora.xtec.cat\/zergarriguesaltes\/wp-json\/wp\/v2\/types\/post"}],"author":[{"embeddable":true,"href":"https:\/\/agora.xtec.cat\/zergarriguesaltes\/wp-json\/wp\/v2\/users\/1"}],"replies":[{"embeddable":true,"href":"https:\/\/agora.xtec.cat\/zergarriguesaltes\/wp-json\/wp\/v2\/comments?post=2588"}],"version-history":[{"count":3,"href":"https:\/\/agora.xtec.cat\/zergarriguesaltes\/wp-json\/wp\/v2\/posts\/2588\/revisions"}],"predecessor-version":[{"id":2594,"href":"https:\/\/agora.xtec.cat\/zergarriguesaltes\/wp-json\/wp\/v2\/posts\/2588\/revisions\/2594"}],"wp:featuredmedia":[{"embeddable":true,"href":"https:\/\/agora.xtec.cat\/zergarriguesaltes\/wp-json\/wp\/v2\/media\/2593"}],"wp:attachment":[{"href":"https:\/\/agora.xtec.cat\/zergarriguesaltes\/wp-json\/wp\/v2\/media?parent=2588"}],"wp:term":[{"taxonomy":"category","embeddable":true,"href":"https:\/\/agora.xtec.cat\/zergarriguesaltes\/wp-json\/wp\/v2\/categories?post=2588"},{"taxonomy":"post_tag","embeddable":true,"href":"https:\/\/agora.xtec.cat\/zergarriguesaltes\/wp-json\/wp\/v2\/tags?post=2588"}],"curies":[{"name":"wp","href":"https:\/\/api.w.org\/{rel}","templated":true}]}}