{"id":2118,"date":"2018-03-02T19:45:31","date_gmt":"2018-03-02T18:45:31","guid":{"rendered":"http:\/\/agora.xtec.cat\/zergarriguesaltes\/?p=2118"},"modified":"2018-03-05T16:06:18","modified_gmt":"2018-03-05T15:06:18","slug":"setmana-del-projecte-interdisciplinar","status":"publish","type":"post","link":"https:\/\/agora.xtec.cat\/zergarriguesaltes\/soleras\/cicle-mitja-i-superior\/setmana-del-projecte-interdisciplinar\/","title":{"rendered":"Setmana del projecte interdisciplinar"},"content":{"rendered":"<p>A l&#8217;aula de 4t\/CS aquest dijous v\u00e0rem comen\u00e7ar el nostre projecte. Ens est\u00e0 resultant una mica dif\u00edcil perqu\u00e8 ens costa acotar un tema tan ampli com \u00e9s el de la imaginaci\u00f3 per\u00f2 poc a poc anem avan\u00e7ant. Esperem que quan acabi la setmana haguem apr\u00e8s moltes coses i les puguem compartir amb tots\/es vosaltres.<\/p>\n<figure class=\"figure wp-caption aligncenter\"><img loading=\"lazy\" decoding=\"async\" class=\"size-large wp-image-2119\" src=\"http:\/\/agora.xtec.cat\/zergarriguesaltes\/wp-content\/uploads\/usu1308\/2018\/03\/20180302_091901-1024x408.jpg\" alt=\"\" width=\"1024\" height=\"408\" srcset=\"https:\/\/agora.xtec.cat\/zergarriguesaltes\/wp-content\/uploads\/usu1308\/2018\/03\/20180302_091901-1024x408.jpg 1024w, https:\/\/agora.xtec.cat\/zergarriguesaltes\/wp-content\/uploads\/usu1308\/2018\/03\/20180302_091901-300x120.jpg 300w, https:\/\/agora.xtec.cat\/zergarriguesaltes\/wp-content\/uploads\/usu1308\/2018\/03\/20180302_091901-768x306.jpg 768w\" sizes=\"auto, (max-width: 1024px) 100vw, 1024px\" \/><figcaption class=\"wp-caption-text\">?<\/figcaption><\/figure>\n<p>&nbsp;<\/p>\n","protected":false},"excerpt":{"rendered":"<p>A l&#8217;aula de 4t\/CS aquest dijous v\u00e0rem comen\u00e7ar el nostre projecte. Ens est\u00e0 resultant una mica dif\u00edcil perqu\u00e8 ens costa acotar un tema tan ampli com \u00e9s el de la imaginaci\u00f3 per\u00f2 poc a poc anem avan\u00e7ant. Esperem que quan acabi la setmana haguem apr\u00e8s&hellip;  <a href=\"https:\/\/agora.xtec.cat\/zergarriguesaltes\/soleras\/cicle-mitja-i-superior\/setmana-del-projecte-interdisciplinar\/\" title=\"Read Setmana del projecte interdisciplinar\">Llegeix m\u00e9s\u00bb<\/a><\/p>\n","protected":false},"author":1,"featured_media":0,"comment_status":"open","ping_status":"closed","sticky":false,"template":"","format":"standard","meta":{"_bbp_topic_count":0,"_bbp_reply_count":0,"_bbp_total_topic_count":0,"_bbp_total_reply_count":0,"_bbp_voice_count":0,"_bbp_anonymous_reply_count":0,"_bbp_topic_count_hidden":0,"_bbp_reply_count_hidden":0,"_bbp_forum_subforum_count":0,"footnotes":""},"categories":[73],"tags":[],"class_list":["post-2118","post","type-post","status-publish","format-standard","hentry","category-cicle-mitja-i-superior"],"post_mailing_queue_ids":[],"_links":{"self":[{"href":"https:\/\/agora.xtec.cat\/zergarriguesaltes\/wp-json\/wp\/v2\/posts\/2118","targetHints":{"allow":["GET"]}}],"collection":[{"href":"https:\/\/agora.xtec.cat\/zergarriguesaltes\/wp-json\/wp\/v2\/posts"}],"about":[{"href":"https:\/\/agora.xtec.cat\/zergarriguesaltes\/wp-json\/wp\/v2\/types\/post"}],"author":[{"embeddable":true,"href":"https:\/\/agora.xtec.cat\/zergarriguesaltes\/wp-json\/wp\/v2\/users\/1"}],"replies":[{"embeddable":true,"href":"https:\/\/agora.xtec.cat\/zergarriguesaltes\/wp-json\/wp\/v2\/comments?post=2118"}],"version-history":[{"count":1,"href":"https:\/\/agora.xtec.cat\/zergarriguesaltes\/wp-json\/wp\/v2\/posts\/2118\/revisions"}],"predecessor-version":[{"id":2120,"href":"https:\/\/agora.xtec.cat\/zergarriguesaltes\/wp-json\/wp\/v2\/posts\/2118\/revisions\/2120"}],"wp:attachment":[{"href":"https:\/\/agora.xtec.cat\/zergarriguesaltes\/wp-json\/wp\/v2\/media?parent=2118"}],"wp:term":[{"taxonomy":"category","embeddable":true,"href":"https:\/\/agora.xtec.cat\/zergarriguesaltes\/wp-json\/wp\/v2\/categories?post=2118"},{"taxonomy":"post_tag","embeddable":true,"href":"https:\/\/agora.xtec.cat\/zergarriguesaltes\/wp-json\/wp\/v2\/tags?post=2118"}],"curies":[{"name":"wp","href":"https:\/\/api.w.org\/{rel}","templated":true}]}}