{"id":1386,"date":"2017-02-14T15:22:31","date_gmt":"2017-02-14T14:22:31","guid":{"rendered":"http:\/\/agora.xtec.cat\/zergarriguesaltes\/?p=1386"},"modified":"2017-02-14T15:22:31","modified_gmt":"2017-02-14T14:22:31","slug":"dia-escolar-de-la-no-violencia","status":"publish","type":"post","link":"https:\/\/agora.xtec.cat\/zergarriguesaltes\/portada\/general\/dia-escolar-de-la-no-violencia\/","title":{"rendered":"Dia escolar de la No viol\u00e8ncia"},"content":{"rendered":"<p>Amb motiu del dia escolar de la No viol\u00e8ncia i la Pau es va fer una xerrada a<br \/>\nc\u00e0rrec de la Laia Zaid\u00edn que ens va explicar la seva experi\u00e8ncia com a volunt\u00e0ria<br \/>\nal camp de regugiats de Filippiada, el camp oblidat de Gr\u00e8cia.<br \/>\nTot el que la Laia ens va explicar i les imatges que vam veure ens van fer pensar.<br \/>\nNosaltres amb la Laia vam obrir un di\u00e0leg molt enriquidor.<br \/>\nGr\u00e0cies Laia !!<\/p>\n\n\t\t<style type=\"text\/css\">\n\t\t\t#gallery-1 {\n\t\t\t\tmargin: auto;\n\t\t\t}\n\t\t\t#gallery-1 .gallery-item {\n\t\t\t\tfloat: left;\n\t\t\t\tmargin-top: 10px;\n\t\t\t\ttext-align: center;\n\t\t\t\twidth: 100%;\n\t\t\t}\n\t\t\t#gallery-1 img {\n\t\t\t\tborder: 2px solid #cfcfcf;\n\t\t\t}\n\t\t\t#gallery-1 .gallery-caption {\n\t\t\t\tmargin-left: 0;\n\t\t\t}\n\t\t\t\/* see gallery_shortcode() in wp-includes\/media.php *\/\n\t\t<\/style>\n\t\t<div id='gallery-1' class='gallery galleryid-1386 gallery-columns-1 gallery-size-full'><dl class='gallery-item'>\n\t\t\t<dt class='gallery-icon landscape'>\n\t\t\t\t<a href='https:\/\/agora.xtec.cat\/zergarriguesaltes\/wp-content\/uploads\/usu1308\/2017\/02\/20170203_093717.jpg'><img loading=\"lazy\" decoding=\"async\" width=\"3264\" height=\"1836\" src=\"https:\/\/agora.xtec.cat\/zergarriguesaltes\/wp-content\/uploads\/usu1308\/2017\/02\/20170203_093717.jpg\" class=\"attachment-full size-full\" alt=\"\" srcset=\"https:\/\/agora.xtec.cat\/zergarriguesaltes\/wp-content\/uploads\/usu1308\/2017\/02\/20170203_093717.jpg 3264w, https:\/\/agora.xtec.cat\/zergarriguesaltes\/wp-content\/uploads\/usu1308\/2017\/02\/20170203_093717-300x169.jpg 300w, https:\/\/agora.xtec.cat\/zergarriguesaltes\/wp-content\/uploads\/usu1308\/2017\/02\/20170203_093717-768x432.jpg 768w, https:\/\/agora.xtec.cat\/zergarriguesaltes\/wp-content\/uploads\/usu1308\/2017\/02\/20170203_093717-1024x576.jpg 1024w\" sizes=\"auto, (max-width: 3264px) 100vw, 3264px\" \/><\/a>\n\t\t\t<\/dt><\/dl><br style=\"clear: both\" \/><dl class='gallery-item'>\n\t\t\t<dt class='gallery-icon landscape'>\n\t\t\t\t<a href='https:\/\/agora.xtec.cat\/zergarriguesaltes\/wp-content\/uploads\/usu1308\/2017\/02\/20170203_093819.jpg'><img loading=\"lazy\" decoding=\"async\" width=\"3264\" height=\"1836\" src=\"https:\/\/agora.xtec.cat\/zergarriguesaltes\/wp-content\/uploads\/usu1308\/2017\/02\/20170203_093819.jpg\" class=\"attachment-full size-full\" alt=\"\" srcset=\"https:\/\/agora.xtec.cat\/zergarriguesaltes\/wp-content\/uploads\/usu1308\/2017\/02\/20170203_093819.jpg 3264w, https:\/\/agora.xtec.cat\/zergarriguesaltes\/wp-content\/uploads\/usu1308\/2017\/02\/20170203_093819-300x169.jpg 300w, https:\/\/agora.xtec.cat\/zergarriguesaltes\/wp-content\/uploads\/usu1308\/2017\/02\/20170203_093819-768x432.jpg 768w, https:\/\/agora.xtec.cat\/zergarriguesaltes\/wp-content\/uploads\/usu1308\/2017\/02\/20170203_093819-1024x576.jpg 1024w\" sizes=\"auto, (max-width: 3264px) 100vw, 3264px\" \/><\/a>\n\t\t\t<\/dt><\/dl><br style=\"clear: both\" \/><dl class='gallery-item'>\n\t\t\t<dt class='gallery-icon landscape'>\n\t\t\t\t<a href='https:\/\/agora.xtec.cat\/zergarriguesaltes\/wp-content\/uploads\/usu1308\/2017\/02\/20170203_094020.jpg'><img loading=\"lazy\" decoding=\"async\" width=\"3264\" height=\"1836\" src=\"https:\/\/agora.xtec.cat\/zergarriguesaltes\/wp-content\/uploads\/usu1308\/2017\/02\/20170203_094020.jpg\" class=\"attachment-full size-full\" alt=\"\" srcset=\"https:\/\/agora.xtec.cat\/zergarriguesaltes\/wp-content\/uploads\/usu1308\/2017\/02\/20170203_094020.jpg 3264w, https:\/\/agora.xtec.cat\/zergarriguesaltes\/wp-content\/uploads\/usu1308\/2017\/02\/20170203_094020-300x169.jpg 300w, https:\/\/agora.xtec.cat\/zergarriguesaltes\/wp-content\/uploads\/usu1308\/2017\/02\/20170203_094020-768x432.jpg 768w, https:\/\/agora.xtec.cat\/zergarriguesaltes\/wp-content\/uploads\/usu1308\/2017\/02\/20170203_094020-1024x576.jpg 1024w\" sizes=\"auto, (max-width: 3264px) 100vw, 3264px\" \/><\/a>\n\t\t\t<\/dt><\/dl><br style=\"clear: both\" \/><dl class='gallery-item'>\n\t\t\t<dt class='gallery-icon landscape'>\n\t\t\t\t<a href='https:\/\/agora.xtec.cat\/zergarriguesaltes\/wp-content\/uploads\/usu1308\/2017\/02\/20170203_100844.jpg'><img loading=\"lazy\" decoding=\"async\" width=\"3264\" height=\"1836\" src=\"https:\/\/agora.xtec.cat\/zergarriguesaltes\/wp-content\/uploads\/usu1308\/2017\/02\/20170203_100844.jpg\" class=\"attachment-full size-full\" alt=\"\" srcset=\"https:\/\/agora.xtec.cat\/zergarriguesaltes\/wp-content\/uploads\/usu1308\/2017\/02\/20170203_100844.jpg 3264w, https:\/\/agora.xtec.cat\/zergarriguesaltes\/wp-content\/uploads\/usu1308\/2017\/02\/20170203_100844-300x169.jpg 300w, https:\/\/agora.xtec.cat\/zergarriguesaltes\/wp-content\/uploads\/usu1308\/2017\/02\/20170203_100844-768x432.jpg 768w, https:\/\/agora.xtec.cat\/zergarriguesaltes\/wp-content\/uploads\/usu1308\/2017\/02\/20170203_100844-1024x576.jpg 1024w\" sizes=\"auto, (max-width: 3264px) 100vw, 3264px\" \/><\/a>\n\t\t\t<\/dt><\/dl><br style=\"clear: both\" \/><dl class='gallery-item'>\n\t\t\t<dt class='gallery-icon landscape'>\n\t\t\t\t<a href='https:\/\/agora.xtec.cat\/zergarriguesaltes\/wp-content\/uploads\/usu1308\/2017\/02\/20170203_102833.jpg'><img loading=\"lazy\" decoding=\"async\" width=\"3264\" height=\"1836\" src=\"https:\/\/agora.xtec.cat\/zergarriguesaltes\/wp-content\/uploads\/usu1308\/2017\/02\/20170203_102833.jpg\" class=\"attachment-full size-full\" alt=\"\" srcset=\"https:\/\/agora.xtec.cat\/zergarriguesaltes\/wp-content\/uploads\/usu1308\/2017\/02\/20170203_102833.jpg 3264w, https:\/\/agora.xtec.cat\/zergarriguesaltes\/wp-content\/uploads\/usu1308\/2017\/02\/20170203_102833-300x169.jpg 300w, https:\/\/agora.xtec.cat\/zergarriguesaltes\/wp-content\/uploads\/usu1308\/2017\/02\/20170203_102833-768x432.jpg 768w, https:\/\/agora.xtec.cat\/zergarriguesaltes\/wp-content\/uploads\/usu1308\/2017\/02\/20170203_102833-1024x576.jpg 1024w\" sizes=\"auto, (max-width: 3264px) 100vw, 3264px\" \/><\/a>\n\t\t\t<\/dt><\/dl><br style=\"clear: both\" \/><dl class='gallery-item'>\n\t\t\t<dt class='gallery-icon landscape'>\n\t\t\t\t<a href='https:\/\/agora.xtec.cat\/zergarriguesaltes\/wp-content\/uploads\/usu1308\/2017\/02\/20170203_102917.jpg'><img loading=\"lazy\" decoding=\"async\" width=\"3264\" height=\"1836\" src=\"https:\/\/agora.xtec.cat\/zergarriguesaltes\/wp-content\/uploads\/usu1308\/2017\/02\/20170203_102917.jpg\" class=\"attachment-full size-full\" alt=\"\" srcset=\"https:\/\/agora.xtec.cat\/zergarriguesaltes\/wp-content\/uploads\/usu1308\/2017\/02\/20170203_102917.jpg 3264w, https:\/\/agora.xtec.cat\/zergarriguesaltes\/wp-content\/uploads\/usu1308\/2017\/02\/20170203_102917-300x169.jpg 300w, https:\/\/agora.xtec.cat\/zergarriguesaltes\/wp-content\/uploads\/usu1308\/2017\/02\/20170203_102917-768x432.jpg 768w, https:\/\/agora.xtec.cat\/zergarriguesaltes\/wp-content\/uploads\/usu1308\/2017\/02\/20170203_102917-1024x576.jpg 1024w\" sizes=\"auto, (max-width: 3264px) 100vw, 3264px\" \/><\/a>\n\t\t\t<\/dt><\/dl><br style=\"clear: both\" \/>\n\t\t<\/div>\n\n","protected":false},"excerpt":{"rendered":"<p>Amb motiu del dia escolar de la No viol\u00e8ncia i la Pau es va fer una xerrada a<br \/>\nc\u00e0rrec de la Laia Zaid\u00edn que ens va explicar la seva experi\u00e8ncia com a volunt\u00e0ria<br \/>\nal camp de regugiats de Filippiada, el camp oblidat de Gr\u00e8cia.<br \/>\nTot el que la&hellip;  <a href=\"https:\/\/agora.xtec.cat\/zergarriguesaltes\/portada\/general\/dia-escolar-de-la-no-violencia\/\" title=\"Read Dia escolar de la No viol\u00e8ncia\">Llegeix m\u00e9s\u00bb<\/a><\/p>\n","protected":false},"author":1,"featured_media":0,"comment_status":"open","ping_status":"open","sticky":false,"template":"","format":"standard","meta":{"_bbp_topic_count":0,"_bbp_reply_count":0,"_bbp_total_topic_count":0,"_bbp_total_reply_count":0,"_bbp_voice_count":0,"_bbp_anonymous_reply_count":0,"_bbp_topic_count_hidden":0,"_bbp_reply_count_hidden":0,"_bbp_forum_subforum_count":0,"footnotes":""},"categories":[59,1],"tags":[196,195,191],"class_list":["post-1386","post","type-post","status-publish","format-standard","hentry","category-soleras","category-general","tag-no-violencia","tag-pau","tag-religio"],"post_mailing_queue_ids":[],"_links":{"self":[{"href":"https:\/\/agora.xtec.cat\/zergarriguesaltes\/wp-json\/wp\/v2\/posts\/1386","targetHints":{"allow":["GET"]}}],"collection":[{"href":"https:\/\/agora.xtec.cat\/zergarriguesaltes\/wp-json\/wp\/v2\/posts"}],"about":[{"href":"https:\/\/agora.xtec.cat\/zergarriguesaltes\/wp-json\/wp\/v2\/types\/post"}],"author":[{"embeddable":true,"href":"https:\/\/agora.xtec.cat\/zergarriguesaltes\/wp-json\/wp\/v2\/users\/1"}],"replies":[{"embeddable":true,"href":"https:\/\/agora.xtec.cat\/zergarriguesaltes\/wp-json\/wp\/v2\/comments?post=1386"}],"version-history":[{"count":2,"href":"https:\/\/agora.xtec.cat\/zergarriguesaltes\/wp-json\/wp\/v2\/posts\/1386\/revisions"}],"predecessor-version":[{"id":1394,"href":"https:\/\/agora.xtec.cat\/zergarriguesaltes\/wp-json\/wp\/v2\/posts\/1386\/revisions\/1394"}],"wp:attachment":[{"href":"https:\/\/agora.xtec.cat\/zergarriguesaltes\/wp-json\/wp\/v2\/media?parent=1386"}],"wp:term":[{"taxonomy":"category","embeddable":true,"href":"https:\/\/agora.xtec.cat\/zergarriguesaltes\/wp-json\/wp\/v2\/categories?post=1386"},{"taxonomy":"post_tag","embeddable":true,"href":"https:\/\/agora.xtec.cat\/zergarriguesaltes\/wp-json\/wp\/v2\/tags?post=1386"}],"curies":[{"name":"wp","href":"https:\/\/api.w.org\/{rel}","templated":true}]}}