{"id":973,"date":"2023-02-11T13:25:17","date_gmt":"2023-02-11T12:25:17","guid":{"rendered":"https:\/\/agora.xtec.cat\/zeremporda\/?p=973"},"modified":"2023-02-11T15:02:02","modified_gmt":"2023-02-11T14:02:02","slug":"la-literatura-un-mon-que-ens-emociona","status":"publish","type":"post","link":"https:\/\/agora.xtec.cat\/zeremporda\/general\/la-literatura-un-mon-que-ens-emociona\/","title":{"rendered":"La literatura, un m\u00f3n que ens emociona"},"content":{"rendered":"<p>En el projecte educatiu de la ZER donem molta import\u00e0ncia a la lectura i a la riquesa que ens ofereix el m\u00f3n literari. Aquest curs, l&#8217;equip docent ens hem posat de valent a impulsar cadascuna de les biblioteques de les nostres escoles. I una de les activitats que m\u00e9s ens ha emocionat ha succe\u00eft entorn a la lectura dels llibres de l&#8217;escriptora Anna Manso.<\/p>\n<p>Despr\u00e9s d&#8217;un trimestre dedicat a la lectura de &#8220;Contes de riure&#8221;, &#8220;El conte de la Cartera&#8221; i &#8220;Amics monstruosos&#8221;, ha arribat el moment m\u00e9s esperat, con\u00e8ixer l&#8217;Anna Manso. Per fer-ho, durant dies hem estat preparant una sorpresa. Ens feia molta il\u00b7lusi\u00f3 tornar-li el que ella ens ha transm\u00e8s, en forma de petits regals que per nosaltres s\u00f3n molt especials. I finalment ens hem trobat tots a l&#8217;escola de Vilanant on li hem pogut fer una entrevista i passar un dia molt agradable tots plegats.<\/p>\n<p>Gr\u00e0cies Anna per transmetre&#8217;ns la teva passi\u00f3 per la lectura i l&#8217;escriptura!<\/p>\n<p style=\"text-align: center;\"><a href=\"https:\/\/drive.google.com\/drive\/folders\/191lMbNTqRAu4I8oeE-PMO0LGWajnsj9Z?usp=share_link\">MOSTRA FOTOGR\u00c0FICA DE LA TROBADA<\/a><\/p>\n<p><img loading=\"lazy\" decoding=\"async\" class=\"aligncenter size-medium wp-image-974\" src=\"https:\/\/agora.xtec.cat\/zeremporda\/wp-content\/uploads\/usu2230\/2023\/02\/20221202_092531-1-300x169.jpg\" alt=\"\" width=\"300\" height=\"169\" srcset=\"https:\/\/agora.xtec.cat\/zeremporda\/wp-content\/uploads\/usu2230\/2023\/02\/20221202_092531-1-300x169.jpg 300w, https:\/\/agora.xtec.cat\/zeremporda\/wp-content\/uploads\/usu2230\/2023\/02\/20221202_092531-1-768x433.jpg 768w, https:\/\/agora.xtec.cat\/zeremporda\/wp-content\/uploads\/usu2230\/2023\/02\/20221202_092531-1.jpg 1024w\" sizes=\"auto, (max-width: 300px) 100vw, 300px\" \/><\/p>\n<p>&nbsp;<\/p>\n","protected":false},"excerpt":{"rendered":"<p>En el projecte educatiu de la ZER donem molta import\u00e0ncia a la lectura i a la riquesa que ens ofereix el m\u00f3n literari. Aquest curs, l&#8217;equip docent ens hem posat de valent a impulsar cadascuna de les biblioteques de les nostres escoles. I una de&hellip;  <a href=\"https:\/\/agora.xtec.cat\/zeremporda\/general\/la-literatura-un-mon-que-ens-emociona\/\" title=\"Read La literatura, un m\u00f3n que ens emociona\">Llegeix m\u00e9s\u00bb<\/a><\/p>\n","protected":false},"author":1,"featured_media":974,"comment_status":"open","ping_status":"closed","sticky":false,"template":"","format":"standard","meta":{"_bbp_topic_count":0,"_bbp_reply_count":0,"_bbp_total_topic_count":0,"_bbp_total_reply_count":0,"_bbp_voice_count":0,"_bbp_anonymous_reply_count":0,"_bbp_topic_count_hidden":0,"_bbp_reply_count_hidden":0,"_bbp_forum_subforum_count":0,"footnotes":""},"categories":[137,1],"tags":[],"class_list":["post-973","post","type-post","status-publish","format-standard","has-post-thumbnail","hentry","category-curs-2022-2023","category-general"],"post_mailing_queue_ids":[],"_links":{"self":[{"href":"https:\/\/agora.xtec.cat\/zeremporda\/wp-json\/wp\/v2\/posts\/973","targetHints":{"allow":["GET"]}}],"collection":[{"href":"https:\/\/agora.xtec.cat\/zeremporda\/wp-json\/wp\/v2\/posts"}],"about":[{"href":"https:\/\/agora.xtec.cat\/zeremporda\/wp-json\/wp\/v2\/types\/post"}],"author":[{"embeddable":true,"href":"https:\/\/agora.xtec.cat\/zeremporda\/wp-json\/wp\/v2\/users\/1"}],"replies":[{"embeddable":true,"href":"https:\/\/agora.xtec.cat\/zeremporda\/wp-json\/wp\/v2\/comments?post=973"}],"version-history":[{"count":1,"href":"https:\/\/agora.xtec.cat\/zeremporda\/wp-json\/wp\/v2\/posts\/973\/revisions"}],"predecessor-version":[{"id":975,"href":"https:\/\/agora.xtec.cat\/zeremporda\/wp-json\/wp\/v2\/posts\/973\/revisions\/975"}],"wp:featuredmedia":[{"embeddable":true,"href":"https:\/\/agora.xtec.cat\/zeremporda\/wp-json\/wp\/v2\/media\/974"}],"wp:attachment":[{"href":"https:\/\/agora.xtec.cat\/zeremporda\/wp-json\/wp\/v2\/media?parent=973"}],"wp:term":[{"taxonomy":"category","embeddable":true,"href":"https:\/\/agora.xtec.cat\/zeremporda\/wp-json\/wp\/v2\/categories?post=973"},{"taxonomy":"post_tag","embeddable":true,"href":"https:\/\/agora.xtec.cat\/zeremporda\/wp-json\/wp\/v2\/tags?post=973"}],"curies":[{"name":"wp","href":"https:\/\/api.w.org\/{rel}","templated":true}]}}